{"id":3533,"date":"2025-08-26T21:00:01","date_gmt":"2025-08-26T21:00:01","guid":{"rendered":"https:\/\/dif.villadealvarez.gob.mx\/noticias\/?p=3533"},"modified":"2025-08-26T21:00:01","modified_gmt":"2025-08-26T21:00:01","slug":"nuestras-reinas-del-adulto-mayor","status":"publish","type":"post","link":"https:\/\/dif.villadealvarez.gob.mx\/noticias\/2025\/08\/26\/nuestras-reinas-del-adulto-mayor\/","title":{"rendered":"NUESTRAS REINAS DEL ADULTO MAYOR"},"content":{"rendered":"<div class=\"html-div xdj266r x14z9mp xat24cr x1lziwak xexx8yu xyri2b x18d9i69 x1c1uobl\" dir=\"auto\">\n<div class=\"html-div xdj266r x14z9mp xat24cr x1lziwak xexx8yu xyri2b x18d9i69 x1c1uobl\" data-ad-rendering-role=\"story_message\">\n<div id=\"_r_3mn_\" class=\"x1l90r2v x1iorvi4 x1g0dm76 xpdmqnj\" data-ad-comet-preview=\"message\" data-ad-preview=\"message\">\n<div class=\"x78zum5 xdt5ytf xz62fqu x16ldp7u\">\n<div class=\"xu06os2 x1ok221b\">\n<div class=\"html-div xdj266r x14z9mp xat24cr x1lziwak xexx8yu xyri2b x18d9i69 x1c1uobl\">\n<div class=\"xdj266r x14z9mp xat24cr x1lziwak x1vvkbs x126k92a\">\n<div dir=\"auto\"><span class=\"html-span xexx8yu xyri2b x18d9i69 x1c1uobl x1hl2dhg x16tdsg8 x1vvkbs x3nfvp2 x1j61x8r x1fcty0u xdj266r xat24cr xm2jcoa x1mpyi22 xxymvpz xlup9mm x1kky2od\"><img loading=\"lazy\" class=\"xz74otr x15mokao x1ga7v0g x16uus16 xbiv7yw\" src=\"https:\/\/static.xx.fbcdn.net\/images\/emoji.php\/v9\/t17\/1\/16\/1f49d.png\" alt=\"\ud83d\udc9d\" width=\"16\" height=\"16\" \/><\/span>Con el coraz\u00f3n en la mano \u201cNuestras Reinas\u201d de las personas adultas mayores <span class=\"html-span xexx8yu xyri2b x18d9i69 x1c1uobl x1hl2dhg x16tdsg8 x1vvkbs x3nfvp2 x1j61x8r x1fcty0u xdj266r xat24cr xm2jcoa x1mpyi22 xxymvpz xlup9mm x1kky2od\"><img loading=\"lazy\" class=\"xz74otr x15mokao x1ga7v0g x16uus16 xbiv7yw\" src=\"https:\/\/static.xx.fbcdn.net\/images\/emoji.php\/v9\/te8\/1\/16\/1f451.png\" alt=\"\ud83d\udc51\" width=\"16\" height=\"16\" \/><\/span><span class=\"html-span xexx8yu xyri2b x18d9i69 x1c1uobl x1hl2dhg x16tdsg8 x1vvkbs x3nfvp2 x1j61x8r x1fcty0u xdj266r xat24cr xm2jcoa x1mpyi22 xxymvpz xlup9mm x1kky2od\"><img loading=\"lazy\" class=\"xz74otr x15mokao x1ga7v0g x16uus16 xbiv7yw\" src=\"https:\/\/static.xx.fbcdn.net\/images\/emoji.php\/v9\/t25\/1\/16\/1f475_1f3fb.png\" alt=\"\ud83d\udc75\ud83c\udffb\" width=\"16\" height=\"16\" \/><\/span> <span class=\"html-span xexx8yu xyri2b x18d9i69 x1c1uobl x1hl2dhg x16tdsg8 x1vvkbs x3nfvp2 x1j61x8r x1fcty0u xdj266r xat24cr xm2jcoa x1mpyi22 xxymvpz xlup9mm x1kky2od\"><img loading=\"lazy\" class=\"xz74otr x15mokao x1ga7v0g x16uus16 xbiv7yw\" src=\"https:\/\/static.xx.fbcdn.net\/images\/emoji.php\/v9\/t64\/1\/16\/1f474_1f3fb.png\" alt=\"\ud83d\udc74\ud83c\udffb\" width=\"16\" height=\"16\" \/><\/span> del <span class=\"html-span xdj266r x14z9mp xat24cr x1lziwak xexx8yu xyri2b x18d9i69 x1c1uobl x1hl2dhg x16tdsg8 x1vvkbs\"><a class=\"x1i10hfl xjbqb8w x1ejq31n x18oe1m7 x1sy0etr xstzfhl x972fbf x10w94by x1qhh985 x14e42zd x9f619 x1ypdohk xt0psk2 x3ct3a4 xdj266r x14z9mp xat24cr x1lziwak xexx8yu xyri2b x18d9i69 x1c1uobl x16tdsg8 x1hl2dhg xggy1nq x1a2a7pz xkrqix3 x1sur9pj x1fey0fg x1s688f\" tabindex=\"0\" role=\"link\" href=\"https:\/\/www.facebook.com\/profile.php?id=100068542819634&amp;__cft__[0]=AZWnY96xY-loZp_QSPijmCpH1EcLccdsEeUqZo9WXt-53Eo2tam_nKke4b7_vuv5yUemCmgLuDRcpSXWD7h-_pWakbe93032G3YFZab3RkgKMrZc77laesu78qsDH_CNCQdRvNa4Q7lidSuym891ICpXtJSfz93DUNn51vmGJQZ0XRa_yABfUqbKXT0lYqTgkvI&amp;__tn__=-]K-R\"><span class=\"xt0psk2\"><span class=\"xjp7ctv\">Dif Municipal de Villa de \u00c1lvarez<\/span><\/span><\/a><\/span> compartieron sus vivencias en el panel que se llev\u00f3 a cabo dentro del marco conmemorativo por la Semana del Adulto Mayor, en las instalaciones del DIF Municipal de Villa de \u00c1lvarez, donde la directora Marta Yadira Mart\u00ednez D\u00edaz, como moderadora del evento, felicit\u00f3 a todas las reinas por haber dejado su legado en esta instituci\u00f3n.<\/div>\n<div dir=\"auto\"><span class=\"html-span xexx8yu xyri2b x18d9i69 x1c1uobl x1hl2dhg x16tdsg8 x1vvkbs x3nfvp2 x1j61x8r x1fcty0u xdj266r xat24cr xm2jcoa x1mpyi22 xxymvpz xlup9mm x1kky2od\"><img loading=\"lazy\" class=\"xz74otr x15mokao x1ga7v0g x16uus16 xbiv7yw\" src=\"https:\/\/static.xx.fbcdn.net\/images\/emoji.php\/v9\/tc7\/1\/16\/1f483.png\" alt=\"\ud83d\udc83\" width=\"16\" height=\"16\" \/><\/span>De manera muy emotiva, la se\u00f1ora Ma. Del Carmen Castillo Ochoa, Reina del Adulto Mayor del DIF Villa de \u00c1lvarez 2007 &#8211; 2008, comparti\u00f3 su experiencia como candidata y ganadora. Tambi\u00e9n evoc\u00f3 gratos momentos de convivencia con sus compa\u00f1eras y compa\u00f1eros.<\/div>\n<div dir=\"auto\"><span class=\"html-span xexx8yu xyri2b x18d9i69 x1c1uobl x1hl2dhg x16tdsg8 x1vvkbs x3nfvp2 x1j61x8r x1fcty0u xdj266r xat24cr xm2jcoa x1mpyi22 xxymvpz xlup9mm x1kky2od\"><img loading=\"lazy\" class=\"xz74otr x15mokao x1ga7v0g x16uus16 xbiv7yw\" src=\"https:\/\/static.xx.fbcdn.net\/images\/emoji.php\/v9\/tc7\/1\/16\/1f483.png\" alt=\"\ud83d\udc83\" width=\"16\" height=\"16\" \/><\/span>La se\u00f1ora Micaela Rosas Guti\u00e9rrez nos platic\u00f3 sus vivencias como Reina en el periodo 2023 \u2013 2024, y manifest\u00f3 sentirse muy contenta por haber conocido a muchas personas que la apoyaron, y por contar siempre con su familia.<\/div>\n<div dir=\"auto\"><span class=\"html-span xexx8yu xyri2b x18d9i69 x1c1uobl x1hl2dhg x16tdsg8 x1vvkbs x3nfvp2 x1j61x8r x1fcty0u xdj266r xat24cr xm2jcoa x1mpyi22 xxymvpz xlup9mm x1kky2od\"><img loading=\"lazy\" class=\"xz74otr x15mokao x1ga7v0g x16uus16 xbiv7yw\" src=\"https:\/\/static.xx.fbcdn.net\/images\/emoji.php\/v9\/tc7\/1\/16\/1f483.png\" alt=\"\ud83d\udc83\" width=\"16\" height=\"16\" \/><\/span>La se\u00f1ora Laura L\u00f3pez Garc\u00eda expres\u00f3 su agradecimiento por haberle permitido vivir esta bonita experiencia como Reina del Adulto Mayor del DIF Municipal 2024 \u2013 2025, en la cual pudo llevar a cabo diferentes actividades para las nuevas generaciones.<\/div>\n<div dir=\"auto\"><span class=\"html-span xexx8yu xyri2b x18d9i69 x1c1uobl x1hl2dhg x16tdsg8 x1vvkbs x3nfvp2 x1j61x8r x1fcty0u xdj266r xat24cr xm2jcoa x1mpyi22 xxymvpz xlup9mm x1kky2od\"><img loading=\"lazy\" class=\"xz74otr x15mokao x1ga7v0g x16uus16 xbiv7yw\" src=\"https:\/\/static.xx.fbcdn.net\/images\/emoji.php\/v9\/tb7\/1\/16\/1f917.png\" alt=\"\ud83e\udd17\" width=\"16\" height=\"16\" \/><\/span> Gracias a todas por sus ense\u00f1anzas, tiempo, y dedicaci\u00f3n para hacer de esta gran familia DIF un mejor lugar para todos y todas!!!<\/div>\n<div dir=\"auto\">En la administraci\u00f3n de nuestra presidenta <span class=\"html-span xdj266r x14z9mp xat24cr x1lziwak xexx8yu xyri2b x18d9i69 x1c1uobl x1hl2dhg x16tdsg8 x1vvkbs\"><a class=\"x1i10hfl xjbqb8w x1ejq31n x18oe1m7 x1sy0etr xstzfhl x972fbf x10w94by x1qhh985 x14e42zd x9f619 x1ypdohk xt0psk2 x3ct3a4 xdj266r x14z9mp xat24cr x1lziwak xexx8yu xyri2b x18d9i69 x1c1uobl x16tdsg8 x1hl2dhg xggy1nq x1a2a7pz xkrqix3 x1sur9pj x1fey0fg x1s688f\" tabindex=\"0\" role=\"link\" href=\"https:\/\/www.facebook.com\/TeyGtz?__cft__[0]=AZWnY96xY-loZp_QSPijmCpH1EcLccdsEeUqZo9WXt-53Eo2tam_nKke4b7_vuv5yUemCmgLuDRcpSXWD7h-_pWakbe93032G3YFZab3RkgKMrZc77laesu78qsDH_CNCQdRvNa4Q7lidSuym891ICpXtJSfz93DUNn51vmGJQZ0XRa_yABfUqbKXT0lYqTgkvI&amp;__tn__=-]K-R\"><span class=\"xt0psk2\"><span class=\"xjp7ctv\">Tey Guti\u00e9rrez<\/span><\/span><\/a><\/span> seguimos trabajando a favor de los sectores vulnerables. <span class=\"html-span xexx8yu xyri2b x18d9i69 x1c1uobl x1hl2dhg x16tdsg8 x1vvkbs x3nfvp2 x1j61x8r x1fcty0u xdj266r xat24cr xm2jcoa x1mpyi22 xxymvpz xlup9mm x1kky2od\"><img loading=\"lazy\" class=\"xz74otr x15mokao x1ga7v0g x16uus16 xbiv7yw\" src=\"https:\/\/static.xx.fbcdn.net\/images\/emoji.php\/v9\/t49\/1\/16\/1faf6.png\" alt=\"\ud83e\udef6\" width=\"16\" height=\"16\" \/><\/span><\/div>\n<div dir=\"auto\">La Villa <span class=\"html-span xdj266r x14z9mp xat24cr x1lziwak xexx8yu xyri2b x18d9i69 x1c1uobl x1hl2dhg x16tdsg8 x1vvkbs\"><a class=\"x1i10hfl xjbqb8w x1ejq31n x18oe1m7 x1sy0etr xstzfhl x972fbf x10w94by x1qhh985 x14e42zd x9f619 x1ypdohk xt0psk2 x3ct3a4 xdj266r x14z9mp xat24cr x1lziwak xexx8yu xyri2b x18d9i69 x1c1uobl x16tdsg8 x1hl2dhg xggy1nq x1a2a7pz xkrqix3 x1sur9pj x1fey0fg x1s688f\" tabindex=\"0\" role=\"link\" href=\"https:\/\/www.facebook.com\/hashtag\/vaconrumbo?__eep__=6&amp;__cft__[0]=AZWnY96xY-loZp_QSPijmCpH1EcLccdsEeUqZo9WXt-53Eo2tam_nKke4b7_vuv5yUemCmgLuDRcpSXWD7h-_pWakbe93032G3YFZab3RkgKMrZc77laesu78qsDH_CNCQdRvNa4Q7lidSuym891ICpXtJSfz93DUNn51vmGJQZ0XRa_yABfUqbKXT0lYqTgkvI&amp;__tn__=*NK-R\">#VAconRumbo<\/a><\/span> <span class=\"html-span xexx8yu xyri2b x18d9i69 x1c1uobl x1hl2dhg x16tdsg8 x1vvkbs x3nfvp2 x1j61x8r x1fcty0u xdj266r xat24cr xm2jcoa x1mpyi22 xxymvpz xlup9mm x1kky2od\"><img loading=\"lazy\" class=\"xz74otr x15mokao x1ga7v0g x16uus16 xbiv7yw\" src=\"https:\/\/static.xx.fbcdn.net\/images\/emoji.php\/v9\/t33\/1\/16\/2705.png\" alt=\"\u2705\ufe0f\" width=\"16\" height=\"16\" \/><\/span><\/div>\n<\/div>\n<\/div>\n<\/div>\n<\/div>\n<\/div>\n<\/div>\n<\/div>\n","protected":false},"excerpt":{"rendered":"<p>Con el coraz\u00f3n en la mano \u201cNuestras Reinas\u201d de las personas adultas mayores del Dif Municipal de Villa de \u00c1lvarez compartieron sus vivencias en el panel que se llev\u00f3 a cabo dentro del marco conmemorativo por la Semana del Adulto Mayor, en las instalaciones del DIF Municipal de Villa de \u00c1lvarez, donde la directora Marta&hellip;<\/p>\n","protected":false},"author":2,"featured_media":3534,"comment_status":"open","ping_status":"open","sticky":false,"template":"","format":"standard","meta":[],"categories":[1],"tags":[],"_links":{"self":[{"href":"https:\/\/dif.villadealvarez.gob.mx\/noticias\/wp-json\/wp\/v2\/posts\/3533"}],"collection":[{"href":"https:\/\/dif.villadealvarez.gob.mx\/noticias\/wp-json\/wp\/v2\/posts"}],"about":[{"href":"https:\/\/dif.villadealvarez.gob.mx\/noticias\/wp-json\/wp\/v2\/types\/post"}],"author":[{"embeddable":true,"href":"https:\/\/dif.villadealvarez.gob.mx\/noticias\/wp-json\/wp\/v2\/users\/2"}],"replies":[{"embeddable":true,"href":"https:\/\/dif.villadealvarez.gob.mx\/noticias\/wp-json\/wp\/v2\/comments?post=3533"}],"version-history":[{"count":1,"href":"https:\/\/dif.villadealvarez.gob.mx\/noticias\/wp-json\/wp\/v2\/posts\/3533\/revisions"}],"predecessor-version":[{"id":3535,"href":"https:\/\/dif.villadealvarez.gob.mx\/noticias\/wp-json\/wp\/v2\/posts\/3533\/revisions\/3535"}],"wp:featuredmedia":[{"embeddable":true,"href":"https:\/\/dif.villadealvarez.gob.mx\/noticias\/wp-json\/wp\/v2\/media\/3534"}],"wp:attachment":[{"href":"https:\/\/dif.villadealvarez.gob.mx\/noticias\/wp-json\/wp\/v2\/media?parent=3533"}],"wp:term":[{"taxonomy":"category","embeddable":true,"href":"https:\/\/dif.villadealvarez.gob.mx\/noticias\/wp-json\/wp\/v2\/categories?post=3533"},{"taxonomy":"post_tag","embeddable":true,"href":"https:\/\/dif.villadealvarez.gob.mx\/noticias\/wp-json\/wp\/v2\/tags?post=3533"}],"curies":[{"name":"wp","href":"https:\/\/api.w.org\/{rel}","templated":true}]}}