{"id":4382,"date":"2026-03-03T15:21:27","date_gmt":"2026-03-03T15:21:27","guid":{"rendered":"https:\/\/dif.villadealvarez.gob.mx\/noticias\/?p=4382"},"modified":"2026-03-03T15:24:13","modified_gmt":"2026-03-03T15:24:13","slug":"encendido-de-lazo-dorado","status":"publish","type":"post","link":"https:\/\/dif.villadealvarez.gob.mx\/noticias\/2026\/03\/03\/encendido-de-lazo-dorado\/","title":{"rendered":"ENCENDIDO DE LAZO DORADO"},"content":{"rendered":"<div class=\"xdj266r x14z9mp xat24cr x1lziwak x1vvkbs x126k92a\">\n<div dir=\"auto\"><span class=\"html-span xexx8yu xyri2b x18d9i69 x1c1uobl x1hl2dhg x16tdsg8 x1vvkbs x3nfvp2 x1j61x8r x1fcty0u xdj266r xat24cr xm2jcoa x1mpyi22 xxymvpz xlup9mm x1kky2od\"><img loading=\"lazy\" class=\"xz74otr x15mokao x1ga7v0g x16uus16 xbiv7yw\" src=\"https:\/\/static.xx.fbcdn.net\/images\/emoji.php\/v9\/tb7\/1\/16\/1f917.png\" alt=\"\ud83e\udd17\" width=\"16\" height=\"16\" \/><\/span>En La Villa encendimos el Lazo Dorado para concientizar sobre el c\u00e1ncer infantil, en el marco del D\u00eda Mundial contra el C\u00e1ncer <span class=\"html-span xexx8yu xyri2b x18d9i69 x1c1uobl x1hl2dhg x16tdsg8 x1vvkbs x3nfvp2 x1j61x8r x1fcty0u xdj266r xat24cr xm2jcoa x1mpyi22 xxymvpz xlup9mm x1kky2od\"><img loading=\"lazy\" class=\"xz74otr x15mokao x1ga7v0g x16uus16 xbiv7yw\" src=\"https:\/\/static.xx.fbcdn.net\/images\/emoji.php\/v9\/t29\/1\/16\/1f397.png\" alt=\"\ud83c\udf97\" width=\"16\" height=\"16\" \/><\/span><\/div>\n<div dir=\"auto\">Como parte de las acciones para contribuir a la detecci\u00f3n oportuna de esta enfermedad, nuestra Presidenta <span class=\"html-span xdj266r x14z9mp xat24cr x1lziwak xexx8yu xyri2b x18d9i69 x1c1uobl x1hl2dhg x16tdsg8 x1vvkbs\"><a class=\"x1i10hfl xjbqb8w x1ejq31n x18oe1m7 x1sy0etr xstzfhl x972fbf x10w94by x1qhh985 x14e42zd x9f619 x1ypdohk xt0psk2 x3ct3a4 xdj266r x14z9mp xat24cr x1lziwak xexx8yu xyri2b x18d9i69 x1c1uobl x16tdsg8 x1hl2dhg xggy1nq x1a2a7pz xkrqix3 x1sur9pj x1fey0fg x1s688f\" tabindex=\"0\" role=\"link\" href=\"https:\/\/www.facebook.com\/TeyGtz?__cft__[0]=AZbnKIDwlnaCBjLzRVuOd48Kze7GCOyp3Nw-QW1asQ6hSWUMSj5TmhS1VgUzlgKKPacw_HvZih4mb5Rx1cLjaVysdTeu-PKPEpolsPoZSYASIlnqftIizJTnHE6Bbk-aeAOTdEHmRcIZ8gy3X96UkWZTvYdHiSHcw_pyGdGZWjUJhtP2-ydxlf37qc5LGy_aNSY&amp;__tn__=-]K-R\"><span class=\"xt0psk2\"><span class=\"xjp7ctv\">Tey Guti\u00e9rrez<\/span><\/span><\/a><\/span> anunci\u00f3 que en Villa de \u00c1lvarez, en este 2026 se realizar\u00e1n de manera gratuita 200 mastograf\u00edas para descartar c\u00e1ncer de mama, 200 ex\u00e1menes de ant\u00edgeno prost\u00e1tico para identificar c\u00e1ncer de pr\u00f3stata y 30 tomograf\u00edas de t\u00f3rax para detectar c\u00e1ncer de pulm\u00f3n, entre otras acciones para prevenir distintos tipos de esa enfermedad.<\/div>\n<\/div>\n<div class=\"x14z9mp xat24cr x1lziwak x1vvkbs xtlvy1s x126k92a\">\n<div dir=\"auto\">Acompa\u00f1ada por la directora del <span class=\"html-span xdj266r x14z9mp xat24cr x1lziwak xexx8yu xyri2b x18d9i69 x1c1uobl x1hl2dhg x16tdsg8 x1vvkbs\"><a class=\"x1i10hfl xjbqb8w x1ejq31n x18oe1m7 x1sy0etr xstzfhl x972fbf x10w94by x1qhh985 x14e42zd x9f619 x1ypdohk xt0psk2 x3ct3a4 xdj266r x14z9mp xat24cr x1lziwak xexx8yu xyri2b x18d9i69 x1c1uobl x16tdsg8 x1hl2dhg xggy1nq x1a2a7pz xkrqix3 x1sur9pj x1fey0fg x1s688f\" tabindex=\"0\" role=\"link\" href=\"https:\/\/www.facebook.com\/profile.php?id=100068542819634&amp;__cft__[0]=AZbnKIDwlnaCBjLzRVuOd48Kze7GCOyp3Nw-QW1asQ6hSWUMSj5TmhS1VgUzlgKKPacw_HvZih4mb5Rx1cLjaVysdTeu-PKPEpolsPoZSYASIlnqftIizJTnHE6Bbk-aeAOTdEHmRcIZ8gy3X96UkWZTvYdHiSHcw_pyGdGZWjUJhtP2-ydxlf37qc5LGy_aNSY&amp;__tn__=-]K-R\"><span class=\"xt0psk2\"><span class=\"xjp7ctv\">Dif Municipal de Villa de \u00c1lvarez<\/span><\/span><\/a><\/span>, <span class=\"html-span xdj266r x14z9mp xat24cr x1lziwak xexx8yu xyri2b x18d9i69 x1c1uobl x1hl2dhg x16tdsg8 x1vvkbs\"><a class=\"x1i10hfl xjbqb8w x1ejq31n x18oe1m7 x1sy0etr xstzfhl x972fbf x10w94by x1qhh985 x14e42zd x9f619 x1ypdohk xt0psk2 x3ct3a4 xdj266r x14z9mp xat24cr x1lziwak xexx8yu xyri2b x18d9i69 x1c1uobl x16tdsg8 x1hl2dhg xggy1nq x1a2a7pz xkrqix3 x1sur9pj x1fey0fg x1s688f\" tabindex=\"0\" role=\"link\" href=\"https:\/\/www.facebook.com\/profile.php?id=61582474168695&amp;__cft__[0]=AZbnKIDwlnaCBjLzRVuOd48Kze7GCOyp3Nw-QW1asQ6hSWUMSj5TmhS1VgUzlgKKPacw_HvZih4mb5Rx1cLjaVysdTeu-PKPEpolsPoZSYASIlnqftIizJTnHE6Bbk-aeAOTdEHmRcIZ8gy3X96UkWZTvYdHiSHcw_pyGdGZWjUJhtP2-ydxlf37qc5LGy_aNSY&amp;__tn__=-]K-R\"><span class=\"xt0psk2\"><span class=\"xjp7ctv\">Martha Mart\u00ednez<\/span><\/span><\/a><\/span>, la Alcaldesa agradeci\u00f3 el apoyo <span class=\"html-span xexx8yu xyri2b x18d9i69 x1c1uobl x1hl2dhg x16tdsg8 x1vvkbs x3nfvp2 x1j61x8r x1fcty0u xdj266r xat24cr xm2jcoa x1mpyi22 xxymvpz xlup9mm x1kky2od\"><img loading=\"lazy\" class=\"xz74otr x15mokao x1ga7v0g x16uus16 xbiv7yw\" src=\"https:\/\/static.xx.fbcdn.net\/images\/emoji.php\/v9\/t49\/1\/16\/1faf6.png\" alt=\"\ud83e\udef6\" width=\"16\" height=\"16\" \/><\/span> del <span class=\"html-span xdj266r x14z9mp xat24cr x1lziwak xexx8yu xyri2b x18d9i69 x1c1uobl x1hl2dhg x16tdsg8 x1vvkbs\"><a class=\"x1i10hfl xjbqb8w x1ejq31n x18oe1m7 x1sy0etr xstzfhl x972fbf x10w94by x1qhh985 x14e42zd x9f619 x1ypdohk xt0psk2 x3ct3a4 xdj266r x14z9mp xat24cr x1lziwak xexx8yu xyri2b x18d9i69 x1c1uobl x16tdsg8 x1hl2dhg xggy1nq x1a2a7pz xkrqix3 x1sur9pj x1fey0fg x1s688f\" tabindex=\"0\" role=\"link\" href=\"https:\/\/www.facebook.com\/ClinicaDiagnosticoColima?__cft__[0]=AZbnKIDwlnaCBjLzRVuOd48Kze7GCOyp3Nw-QW1asQ6hSWUMSj5TmhS1VgUzlgKKPacw_HvZih4mb5Rx1cLjaVysdTeu-PKPEpolsPoZSYASIlnqftIizJTnHE6Bbk-aeAOTdEHmRcIZ8gy3X96UkWZTvYdHiSHcw_pyGdGZWjUJhtP2-ydxlf37qc5LGy_aNSY&amp;__tn__=-]K-R\"><span class=\"xt0psk2\"><span class=\"xjp7ctv\">Dr. Carlos Ju\u00e1rez &#8211; Cl\u00ednica de Diagn\u00f3stico<\/span><\/span><\/a><\/span>.<\/div>\n<\/div>\n<div class=\"x14z9mp xat24cr x1lziwak x1vvkbs xtlvy1s x126k92a\">\n<div dir=\"auto\"><span class=\"html-span xexx8yu xyri2b x18d9i69 x1c1uobl x1hl2dhg x16tdsg8 x1vvkbs x3nfvp2 x1j61x8r x1fcty0u xdj266r xat24cr xm2jcoa x1mpyi22 xxymvpz xlup9mm x1kky2od\"><img loading=\"lazy\" class=\"xz74otr x15mokao x1ga7v0g x16uus16 xbiv7yw\" src=\"https:\/\/static.xx.fbcdn.net\/images\/emoji.php\/v9\/t51\/1\/16\/1f603.png\" alt=\"\ud83d\ude03\" width=\"16\" height=\"16\" \/><\/span>Por su parte, Perla Marbella Guti\u00e9rrez, Presidenta de la Asociaci\u00f3n Mexicana de Ayuda a Ni\u00f1os con C\u00e1ncer, agradeci\u00f3 que Tey Guti\u00e9rrez siempre se sume a la causa de la lucha contra el c\u00e1ncer, particularmente el c\u00e1ncer infantil y que su gobierno, a trav\u00e9s del DIF Municipal, est\u00e9n presentes siempre en las campa\u00f1as de recaudaci\u00f3n de fondos.<\/div>\n<\/div>\n<div class=\"x14z9mp xat24cr x1lziwak x1vvkbs xtlvy1s x126k92a\">\n<div dir=\"auto\"><span class=\"html-span xdj266r x14z9mp xat24cr x1lziwak xexx8yu xyri2b x18d9i69 x1c1uobl x1hl2dhg x16tdsg8 x1vvkbs\"><a class=\"x1i10hfl xjbqb8w x1ejq31n x18oe1m7 x1sy0etr xstzfhl x972fbf x10w94by x1qhh985 x14e42zd x9f619 x1ypdohk xt0psk2 x3ct3a4 xdj266r x14z9mp xat24cr x1lziwak xexx8yu xyri2b x18d9i69 x1c1uobl x16tdsg8 x1hl2dhg xggy1nq x1a2a7pz xkrqix3 x1sur9pj x1fey0fg x1s688f\" tabindex=\"0\" role=\"link\" href=\"https:\/\/www.facebook.com\/hashtag\/lavilla?__eep__=6&amp;__cft__[0]=AZbnKIDwlnaCBjLzRVuOd48Kze7GCOyp3Nw-QW1asQ6hSWUMSj5TmhS1VgUzlgKKPacw_HvZih4mb5Rx1cLjaVysdTeu-PKPEpolsPoZSYASIlnqftIizJTnHE6Bbk-aeAOTdEHmRcIZ8gy3X96UkWZTvYdHiSHcw_pyGdGZWjUJhtP2-ydxlf37qc5LGy_aNSY&amp;__tn__=*NK-R\">#LaVilla<\/a><\/span> <span class=\"html-span xdj266r x14z9mp xat24cr x1lziwak xexx8yu xyri2b x18d9i69 x1c1uobl x1hl2dhg x16tdsg8 x1vvkbs\"><a class=\"x1i10hfl xjbqb8w x1ejq31n x18oe1m7 x1sy0etr xstzfhl x972fbf x10w94by x1qhh985 x14e42zd x9f619 x1ypdohk xt0psk2 x3ct3a4 xdj266r x14z9mp xat24cr x1lziwak xexx8yu xyri2b x18d9i69 x1c1uobl x16tdsg8 x1hl2dhg xggy1nq x1a2a7pz xkrqix3 x1sur9pj x1fey0fg x1s688f\" tabindex=\"0\" role=\"link\" href=\"https:\/\/www.facebook.com\/hashtag\/vaconrumbo?__eep__=6&amp;__cft__[0]=AZbnKIDwlnaCBjLzRVuOd48Kze7GCOyp3Nw-QW1asQ6hSWUMSj5TmhS1VgUzlgKKPacw_HvZih4mb5Rx1cLjaVysdTeu-PKPEpolsPoZSYASIlnqftIizJTnHE6Bbk-aeAOTdEHmRcIZ8gy3X96UkWZTvYdHiSHcw_pyGdGZWjUJhtP2-ydxlf37qc5LGy_aNSY&amp;__tn__=*NK-R\">#VAconRumbo<\/a><\/span> <span class=\"html-span xexx8yu xyri2b x18d9i69 x1c1uobl x1hl2dhg x16tdsg8 x1vvkbs x3nfvp2 x1j61x8r x1fcty0u xdj266r xat24cr xm2jcoa x1mpyi22 xxymvpz xlup9mm x1kky2od\"><img loading=\"lazy\" class=\"xz74otr x15mokao x1ga7v0g x16uus16 xbiv7yw\" src=\"https:\/\/static.xx.fbcdn.net\/images\/emoji.php\/v9\/t33\/1\/16\/2705.png\" alt=\"\u2705\" width=\"16\" height=\"16\" \/><\/span> y\ufe0f <span class=\"html-span xdj266r x14z9mp xat24cr x1lziwak xexx8yu xyri2b x18d9i69 x1c1uobl x1hl2dhg x16tdsg8 x1vvkbs\"><a class=\"x1i10hfl xjbqb8w x1ejq31n x18oe1m7 x1sy0etr xstzfhl x972fbf x10w94by x1qhh985 x14e42zd x9f619 x1ypdohk xt0psk2 x3ct3a4 xdj266r x14z9mp xat24cr x1lziwak xexx8yu xyri2b x18d9i69 x1c1uobl x16tdsg8 x1hl2dhg xggy1nq x1a2a7pz xkrqix3 x1sur9pj x1fey0fg x1s688f\" tabindex=\"0\" role=\"link\" href=\"https:\/\/www.facebook.com\/hashtag\/lobuenosequeda?__eep__=6&amp;__cft__[0]=AZbnKIDwlnaCBjLzRVuOd48Kze7GCOyp3Nw-QW1asQ6hSWUMSj5TmhS1VgUzlgKKPacw_HvZih4mb5Rx1cLjaVysdTeu-PKPEpolsPoZSYASIlnqftIizJTnHE6Bbk-aeAOTdEHmRcIZ8gy3X96UkWZTvYdHiSHcw_pyGdGZWjUJhtP2-ydxlf37qc5LGy_aNSY&amp;__tn__=*NK-R\">#LoBuenoSeQueda<\/a><\/span><\/div>\n<\/div>\n","protected":false},"excerpt":{"rendered":"<p>En La Villa encendimos el Lazo Dorado para concientizar sobre el c\u00e1ncer infantil, en el marco del D\u00eda Mundial contra el C\u00e1ncer Como parte de las acciones para contribuir a la detecci\u00f3n oportuna de esta enfermedad, nuestra Presidenta Tey Guti\u00e9rrez anunci\u00f3 que en Villa de \u00c1lvarez, en este 2026 se realizar\u00e1n de manera gratuita 200&hellip;<\/p>\n","protected":false},"author":2,"featured_media":4383,"comment_status":"open","ping_status":"open","sticky":false,"template":"","format":"standard","meta":[],"categories":[1],"tags":[],"_links":{"self":[{"href":"https:\/\/dif.villadealvarez.gob.mx\/noticias\/wp-json\/wp\/v2\/posts\/4382"}],"collection":[{"href":"https:\/\/dif.villadealvarez.gob.mx\/noticias\/wp-json\/wp\/v2\/posts"}],"about":[{"href":"https:\/\/dif.villadealvarez.gob.mx\/noticias\/wp-json\/wp\/v2\/types\/post"}],"author":[{"embeddable":true,"href":"https:\/\/dif.villadealvarez.gob.mx\/noticias\/wp-json\/wp\/v2\/users\/2"}],"replies":[{"embeddable":true,"href":"https:\/\/dif.villadealvarez.gob.mx\/noticias\/wp-json\/wp\/v2\/comments?post=4382"}],"version-history":[{"count":1,"href":"https:\/\/dif.villadealvarez.gob.mx\/noticias\/wp-json\/wp\/v2\/posts\/4382\/revisions"}],"predecessor-version":[{"id":4384,"href":"https:\/\/dif.villadealvarez.gob.mx\/noticias\/wp-json\/wp\/v2\/posts\/4382\/revisions\/4384"}],"wp:featuredmedia":[{"embeddable":true,"href":"https:\/\/dif.villadealvarez.gob.mx\/noticias\/wp-json\/wp\/v2\/media\/4383"}],"wp:attachment":[{"href":"https:\/\/dif.villadealvarez.gob.mx\/noticias\/wp-json\/wp\/v2\/media?parent=4382"}],"wp:term":[{"taxonomy":"category","embeddable":true,"href":"https:\/\/dif.villadealvarez.gob.mx\/noticias\/wp-json\/wp\/v2\/categories?post=4382"},{"taxonomy":"post_tag","embeddable":true,"href":"https:\/\/dif.villadealvarez.gob.mx\/noticias\/wp-json\/wp\/v2\/tags?post=4382"}],"curies":[{"name":"wp","href":"https:\/\/api.w.org\/{rel}","templated":true}]}}