{"id":4385,"date":"2026-03-03T15:35:14","date_gmt":"2026-03-03T15:35:14","guid":{"rendered":"https:\/\/dif.villadealvarez.gob.mx\/noticias\/?p=4385"},"modified":"2026-03-03T15:35:14","modified_gmt":"2026-03-03T15:35:14","slug":"inician-recorridos-en-feria-de-villa-de-alvarez","status":"publish","type":"post","link":"https:\/\/dif.villadealvarez.gob.mx\/noticias\/2026\/03\/03\/inician-recorridos-en-feria-de-villa-de-alvarez\/","title":{"rendered":"INICIAN RECORRIDOS EN FERIA DE VILLA DE \u00c1LVAREZ"},"content":{"rendered":"<div dir=\"auto\"><span class=\"html-span xexx8yu xyri2b x18d9i69 x1c1uobl x1hl2dhg x16tdsg8 x1vvkbs x3nfvp2 x1j61x8r x1fcty0u xdj266r xat24cr xm2jcoa x1mpyi22 xxymvpz xlup9mm x1kky2od\"><img loading=\"lazy\" class=\"xz74otr x15mokao x1ga7v0g x16uus16 xbiv7yw\" src=\"https:\/\/static.xx.fbcdn.net\/images\/emoji.php\/v9\/t25\/1\/16\/1fae1.png\" alt=\"\ud83e\udee1\" width=\"16\" height=\"16\" \/><\/span> Hoy iniciamos los recorridos de Prevenci\u00f3n del Trabajo Infantil <span class=\"html-span xexx8yu xyri2b x18d9i69 x1c1uobl x1hl2dhg x16tdsg8 x1vvkbs x3nfvp2 x1j61x8r x1fcty0u xdj266r xat24cr xm2jcoa x1mpyi22 xxymvpz xlup9mm x1kky2od\"><img loading=\"lazy\" class=\"xz74otr x15mokao x1ga7v0g x16uus16 xbiv7yw\" src=\"https:\/\/static.xx.fbcdn.net\/images\/emoji.php\/v9\/t48\/1\/16\/1f467_1f3fb.png\" alt=\"\ud83d\udc67\ud83c\udffb\" width=\"16\" height=\"16\" \/><\/span><span class=\"html-span xexx8yu xyri2b x18d9i69 x1c1uobl x1hl2dhg x16tdsg8 x1vvkbs x3nfvp2 x1j61x8r x1fcty0u xdj266r xat24cr xm2jcoa x1mpyi22 xxymvpz xlup9mm x1kky2od\"><img loading=\"lazy\" class=\"xz74otr x15mokao x1ga7v0g x16uus16 xbiv7yw\" src=\"https:\/\/static.xx.fbcdn.net\/images\/emoji.php\/v9\/t59\/1\/16\/1f9d1_1f3fb.png\" alt=\"\ud83e\uddd1\ud83c\udffb\" width=\"16\" height=\"16\" \/><\/span><span class=\"html-span xexx8yu xyri2b x18d9i69 x1c1uobl x1hl2dhg x16tdsg8 x1vvkbs x3nfvp2 x1j61x8r x1fcty0u xdj266r xat24cr xm2jcoa x1mpyi22 xxymvpz xlup9mm x1kky2od\"><img loading=\"lazy\" class=\"xz74otr x15mokao x1ga7v0g x16uus16 xbiv7yw\" src=\"https:\/\/static.xx.fbcdn.net\/images\/emoji.php\/v9\/te6\/1\/16\/1f476_1f3fb.png\" alt=\"\ud83d\udc76\ud83c\udffb\" width=\"16\" height=\"16\" \/><\/span><span class=\"html-span xexx8yu xyri2b x18d9i69 x1c1uobl x1hl2dhg x16tdsg8 x1vvkbs x3nfvp2 x1j61x8r x1fcty0u xdj266r xat24cr xm2jcoa x1mpyi22 xxymvpz xlup9mm x1kky2od\"><img loading=\"lazy\" class=\"xz74otr x15mokao x1ga7v0g x16uus16 xbiv7yw\" src=\"https:\/\/static.xx.fbcdn.net\/images\/emoji.php\/v9\/tc\/1\/16\/1f466.png\" alt=\"\ud83d\udc66\" width=\"16\" height=\"16\" \/><\/span>en la Feria de Villa de \u00c1lvarez, y entregamos los permisos para adolescentes en edad permitida para laborar que cumplieron con todos los requerimientos que la ley indica.<\/div>\n<div dir=\"auto\">De manera coordinada, el equipo PANNAR del <span class=\"html-span xdj266r x14z9mp xat24cr x1lziwak xexx8yu xyri2b x18d9i69 x1c1uobl x1hl2dhg x16tdsg8 x1vvkbs\"><a class=\"x1i10hfl xjbqb8w x1ejq31n x18oe1m7 x1sy0etr xstzfhl x972fbf x10w94by x1qhh985 x14e42zd x9f619 x1ypdohk xt0psk2 x3ct3a4 xdj266r x14z9mp xat24cr x1lziwak xexx8yu xyri2b x18d9i69 x1c1uobl x16tdsg8 x1hl2dhg xggy1nq x1a2a7pz xkrqix3 x1sur9pj x1fey0fg x1s688f\" tabindex=\"0\" role=\"link\" href=\"https:\/\/www.facebook.com\/profile.php?id=100068542819634&amp;__cft__[0]=AZZEeC6HItmO8hG8ic-mXe_A9rKtHvlcuoIauMsqy8W-AkurNo4fsKj4paKiEqlP9z4TuclijjqGhjkj4bT08zTXe6M64uQCcVjrEp1uyYajB_1pf6ykFucYHx5rajNd4uLZ2lHg5ryBv7v5Qrd3WVCMx2GWa8OyovbfhLPI96X5JruFHk5p6XcZ0F6jNGJPC-c&amp;__tn__=-]K-R\"><span class=\"xt0psk2\"><span class=\"xjp7ctv\">Dif Municipal de Villa de \u00c1lvarez<\/span><\/span><\/a><\/span> realiz\u00f3 las visitas a los establecimientos comerciales que se instalaron en el recinto ferial, acompa\u00f1ado por la directora de la Secretar\u00eda de Trabajo del Gobierno del Estado de Colima, Delia Ludivina Olmos D\u00edaz y la titular de SIPINNA Villa de \u00c1lvarez, Maricela Figueroa, con la finalidad de supervisar que NO haya ni\u00f1os, ni\u00f1as o j\u00f3venes v\u00edctimas de explotaci\u00f3n laboral.<\/div>\n<div dir=\"auto\">Asimismo, se les hizo la invitaci\u00f3n a las y los menores de 15 a\u00f1os que estar\u00e1n temporalmente dentro de las instalaciones de la feria, a que contin\u00faen con sus estudios <span class=\"html-span xexx8yu xyri2b x18d9i69 x1c1uobl x1hl2dhg x16tdsg8 x1vvkbs x3nfvp2 x1j61x8r x1fcty0u xdj266r xat24cr xm2jcoa x1mpyi22 xxymvpz xlup9mm x1kky2od\"><img loading=\"lazy\" class=\"xz74otr x15mokao x1ga7v0g x16uus16 xbiv7yw\" src=\"https:\/\/static.xx.fbcdn.net\/images\/emoji.php\/v9\/t94\/1\/16\/1f469_200d_1f3eb.png\" alt=\"\ud83d\udc69\u200d\ud83c\udfeb\" width=\"16\" height=\"16\" \/><\/span>en la Escuelita DIF \/Conafe, de lunes a viernes en las instalaciones del Teatro del Pueblo.<\/div>\n<div dir=\"auto\">En la administraci\u00f3n de nuestra presidenta <span class=\"html-span xdj266r x14z9mp xat24cr x1lziwak xexx8yu xyri2b x18d9i69 x1c1uobl x1hl2dhg x16tdsg8 x1vvkbs\"><a class=\"x1i10hfl xjbqb8w x1ejq31n x18oe1m7 x1sy0etr xstzfhl x972fbf x10w94by x1qhh985 x14e42zd x9f619 x1ypdohk xt0psk2 x3ct3a4 xdj266r x14z9mp xat24cr x1lziwak xexx8yu xyri2b x18d9i69 x1c1uobl x16tdsg8 x1hl2dhg xggy1nq x1a2a7pz xkrqix3 x1sur9pj x1fey0fg x1s688f\" tabindex=\"0\" role=\"link\" href=\"https:\/\/www.facebook.com\/TeyGtz?__cft__[0]=AZZEeC6HItmO8hG8ic-mXe_A9rKtHvlcuoIauMsqy8W-AkurNo4fsKj4paKiEqlP9z4TuclijjqGhjkj4bT08zTXe6M64uQCcVjrEp1uyYajB_1pf6ykFucYHx5rajNd4uLZ2lHg5ryBv7v5Qrd3WVCMx2GWa8OyovbfhLPI96X5JruFHk5p6XcZ0F6jNGJPC-c&amp;__tn__=-]K-R\"><span class=\"xt0psk2\"><span class=\"xjp7ctv\">Tey Guti\u00e9rrez<\/span><\/span><\/a><\/span> cuidamos la integridad de nuestras infancias y juventudes. <span class=\"html-span xexx8yu xyri2b x18d9i69 x1c1uobl x1hl2dhg x16tdsg8 x1vvkbs x3nfvp2 x1j61x8r x1fcty0u xdj266r xat24cr xm2jcoa x1mpyi22 xxymvpz xlup9mm x1kky2od\"><img loading=\"lazy\" class=\"xz74otr x15mokao x1ga7v0g x16uus16 xbiv7yw\" src=\"https:\/\/static.xx.fbcdn.net\/images\/emoji.php\/v9\/tb7\/1\/16\/1f917.png\" alt=\"\ud83e\udd17\" width=\"16\" height=\"16\" \/><\/span><\/div>\n<div dir=\"auto\"><span class=\"html-span xdj266r x14z9mp xat24cr x1lziwak xexx8yu xyri2b x18d9i69 x1c1uobl x1hl2dhg x16tdsg8 x1vvkbs\"><a class=\"x1i10hfl xjbqb8w x1ejq31n x18oe1m7 x1sy0etr xstzfhl x972fbf x10w94by x1qhh985 x14e42zd x9f619 x1ypdohk xt0psk2 x3ct3a4 xdj266r x14z9mp xat24cr x1lziwak xexx8yu xyri2b x18d9i69 x1c1uobl x16tdsg8 x1hl2dhg xggy1nq x1a2a7pz xkrqix3 x1sur9pj x1fey0fg x1s688f\" tabindex=\"0\" role=\"link\" href=\"https:\/\/www.facebook.com\/hashtag\/lobuenosequeda?__eep__=6&amp;__cft__[0]=AZZEeC6HItmO8hG8ic-mXe_A9rKtHvlcuoIauMsqy8W-AkurNo4fsKj4paKiEqlP9z4TuclijjqGhjkj4bT08zTXe6M64uQCcVjrEp1uyYajB_1pf6ykFucYHx5rajNd4uLZ2lHg5ryBv7v5Qrd3WVCMx2GWa8OyovbfhLPI96X5JruFHk5p6XcZ0F6jNGJPC-c&amp;__tn__=*NK-R\">#LoBuenoSeQueda<\/a><\/span> <span class=\"html-span xdj266r x14z9mp xat24cr x1lziwak xexx8yu xyri2b x18d9i69 x1c1uobl x1hl2dhg x16tdsg8 x1vvkbs\"><a class=\"x1i10hfl xjbqb8w x1ejq31n x18oe1m7 x1sy0etr xstzfhl x972fbf x10w94by x1qhh985 x14e42zd x9f619 x1ypdohk xt0psk2 x3ct3a4 xdj266r x14z9mp xat24cr x1lziwak xexx8yu xyri2b x18d9i69 x1c1uobl x16tdsg8 x1hl2dhg xggy1nq x1a2a7pz xkrqix3 x1sur9pj x1fey0fg x1s688f\" tabindex=\"0\" role=\"link\" href=\"https:\/\/www.facebook.com\/hashtag\/lavilla?__eep__=6&amp;__cft__[0]=AZZEeC6HItmO8hG8ic-mXe_A9rKtHvlcuoIauMsqy8W-AkurNo4fsKj4paKiEqlP9z4TuclijjqGhjkj4bT08zTXe6M64uQCcVjrEp1uyYajB_1pf6ykFucYHx5rajNd4uLZ2lHg5ryBv7v5Qrd3WVCMx2GWa8OyovbfhLPI96X5JruFHk5p6XcZ0F6jNGJPC-c&amp;__tn__=*NK-R\">#LaVilla<\/a><\/span> <span class=\"html-span xdj266r x14z9mp xat24cr x1lziwak xexx8yu xyri2b x18d9i69 x1c1uobl x1hl2dhg x16tdsg8 x1vvkbs\"><a class=\"x1i10hfl xjbqb8w x1ejq31n x18oe1m7 x1sy0etr xstzfhl x972fbf x10w94by x1qhh985 x14e42zd x9f619 x1ypdohk xt0psk2 x3ct3a4 xdj266r x14z9mp xat24cr x1lziwak xexx8yu xyri2b x18d9i69 x1c1uobl x16tdsg8 x1hl2dhg xggy1nq x1a2a7pz xkrqix3 x1sur9pj x1fey0fg x1s688f\" tabindex=\"0\" role=\"link\" href=\"https:\/\/www.facebook.com\/hashtag\/vaconrumbo?__eep__=6&amp;__cft__[0]=AZZEeC6HItmO8hG8ic-mXe_A9rKtHvlcuoIauMsqy8W-AkurNo4fsKj4paKiEqlP9z4TuclijjqGhjkj4bT08zTXe6M64uQCcVjrEp1uyYajB_1pf6ykFucYHx5rajNd4uLZ2lHg5ryBv7v5Qrd3WVCMx2GWa8OyovbfhLPI96X5JruFHk5p6XcZ0F6jNGJPC-c&amp;__tn__=*NK-R\">#VAconRumbo<\/a><\/span><\/div>\n","protected":false},"excerpt":{"rendered":"<p>Hoy iniciamos los recorridos de Prevenci\u00f3n del Trabajo Infantil en la Feria de Villa de \u00c1lvarez, y entregamos los permisos para adolescentes en edad permitida para laborar que cumplieron con todos los requerimientos que la ley indica. De manera coordinada, el equipo PANNAR del Dif Municipal de Villa de \u00c1lvarez realiz\u00f3 las visitas a los&hellip;<\/p>\n","protected":false},"author":2,"featured_media":4386,"comment_status":"open","ping_status":"open","sticky":false,"template":"","format":"standard","meta":[],"categories":[1],"tags":[],"_links":{"self":[{"href":"https:\/\/dif.villadealvarez.gob.mx\/noticias\/wp-json\/wp\/v2\/posts\/4385"}],"collection":[{"href":"https:\/\/dif.villadealvarez.gob.mx\/noticias\/wp-json\/wp\/v2\/posts"}],"about":[{"href":"https:\/\/dif.villadealvarez.gob.mx\/noticias\/wp-json\/wp\/v2\/types\/post"}],"author":[{"embeddable":true,"href":"https:\/\/dif.villadealvarez.gob.mx\/noticias\/wp-json\/wp\/v2\/users\/2"}],"replies":[{"embeddable":true,"href":"https:\/\/dif.villadealvarez.gob.mx\/noticias\/wp-json\/wp\/v2\/comments?post=4385"}],"version-history":[{"count":1,"href":"https:\/\/dif.villadealvarez.gob.mx\/noticias\/wp-json\/wp\/v2\/posts\/4385\/revisions"}],"predecessor-version":[{"id":4387,"href":"https:\/\/dif.villadealvarez.gob.mx\/noticias\/wp-json\/wp\/v2\/posts\/4385\/revisions\/4387"}],"wp:featuredmedia":[{"embeddable":true,"href":"https:\/\/dif.villadealvarez.gob.mx\/noticias\/wp-json\/wp\/v2\/media\/4386"}],"wp:attachment":[{"href":"https:\/\/dif.villadealvarez.gob.mx\/noticias\/wp-json\/wp\/v2\/media?parent=4385"}],"wp:term":[{"taxonomy":"category","embeddable":true,"href":"https:\/\/dif.villadealvarez.gob.mx\/noticias\/wp-json\/wp\/v2\/categories?post=4385"},{"taxonomy":"post_tag","embeddable":true,"href":"https:\/\/dif.villadealvarez.gob.mx\/noticias\/wp-json\/wp\/v2\/tags?post=4385"}],"curies":[{"name":"wp","href":"https:\/\/api.w.org\/{rel}","templated":true}]}}