{"id":4391,"date":"2026-03-03T15:42:44","date_gmt":"2026-03-03T15:42:44","guid":{"rendered":"https:\/\/dif.villadealvarez.gob.mx\/noticias\/?p=4391"},"modified":"2026-03-03T15:42:44","modified_gmt":"2026-03-03T15:42:44","slug":"seguimos-en-apoyo-a-los-ninos-con-cancer","status":"publish","type":"post","link":"https:\/\/dif.villadealvarez.gob.mx\/noticias\/2026\/03\/03\/seguimos-en-apoyo-a-los-ninos-con-cancer\/","title":{"rendered":"SEGUIMOS EN APOYO A LOS NI\u00d1OS CON C\u00c1NCER"},"content":{"rendered":"<div dir=\"auto\">Dentro del marco conmemorativo por el D\u00eda Internacional Contra el C\u00e1ncer Infantil<span class=\"html-span xexx8yu xyri2b x18d9i69 x1c1uobl x1hl2dhg x16tdsg8 x1vvkbs x3nfvp2 x1j61x8r x1fcty0u xdj266r xat24cr xm2jcoa x1mpyi22 xxymvpz xlup9mm x1kky2od\"><img loading=\"lazy\" class=\"xz74otr x15mokao x1ga7v0g x16uus16 xbiv7yw\" src=\"https:\/\/static.xx.fbcdn.net\/images\/emoji.php\/v9\/t29\/1\/16\/1f397.png\" alt=\"\ud83c\udf97\" width=\"16\" height=\"16\" \/><\/span>, la directora del <span class=\"html-span xdj266r x14z9mp xat24cr x1lziwak xexx8yu xyri2b x18d9i69 x1c1uobl x1hl2dhg x16tdsg8 x1vvkbs\"><a class=\"x1i10hfl xjbqb8w x1ejq31n x18oe1m7 x1sy0etr xstzfhl x972fbf x10w94by x1qhh985 x14e42zd x9f619 x1ypdohk xt0psk2 x3ct3a4 xdj266r x14z9mp xat24cr x1lziwak xexx8yu xyri2b x18d9i69 x1c1uobl x16tdsg8 x1hl2dhg xggy1nq x1a2a7pz xkrqix3 x1sur9pj x1fey0fg x1s688f\" tabindex=\"0\" role=\"link\" href=\"https:\/\/www.facebook.com\/profile.php?id=100068542819634&amp;__cft__[0]=AZaCR8fpWVX3TypEnPuiH-y5RATrXcQlAvE7nXK9I56dsIuiiJRcuvi3UYwAiKlp8iI8dldrerzLMkNH3gRNZafp_XYJ-cpCrNztKCnl6vZbcbDqweJbIrG6WhUHjfbYWnIyG3aALDkh5NY6tQPqh3n-W6LWPVwAY_DHvIrMrGdORLTXhM7AN1G7MfY4jTi3H-4&amp;__tn__=-]K-R\"><span class=\"xt0psk2\"><span class=\"xjp7ctv\">Dif Municipal de Villa de \u00c1lvarez<\/span><\/span><\/a><\/span>, <span class=\"html-span xdj266r x14z9mp xat24cr x1lziwak xexx8yu xyri2b x18d9i69 x1c1uobl x1hl2dhg x16tdsg8 x1vvkbs\"><a class=\"x1i10hfl xjbqb8w x1ejq31n x18oe1m7 x1sy0etr xstzfhl x972fbf x10w94by x1qhh985 x14e42zd x9f619 x1ypdohk xt0psk2 x3ct3a4 xdj266r x14z9mp xat24cr x1lziwak xexx8yu xyri2b x18d9i69 x1c1uobl x16tdsg8 x1hl2dhg xggy1nq x1a2a7pz xkrqix3 x1sur9pj x1fey0fg x1s688f\" tabindex=\"0\" role=\"link\" href=\"https:\/\/www.facebook.com\/profile.php?id=61582474168695&amp;__cft__[0]=AZaCR8fpWVX3TypEnPuiH-y5RATrXcQlAvE7nXK9I56dsIuiiJRcuvi3UYwAiKlp8iI8dldrerzLMkNH3gRNZafp_XYJ-cpCrNztKCnl6vZbcbDqweJbIrG6WhUHjfbYWnIyG3aALDkh5NY6tQPqh3n-W6LWPVwAY_DHvIrMrGdORLTXhM7AN1G7MfY4jTi3H-4&amp;__tn__=-]K-R\"><span class=\"xt0psk2\"><span class=\"xjp7ctv\">Martha Mart\u00ednez<\/span><\/span><\/a><\/span> , en reuni\u00f3n con <span class=\"html-span xdj266r x14z9mp xat24cr x1lziwak xexx8yu xyri2b x18d9i69 x1c1uobl x1hl2dhg x16tdsg8 x1vvkbs\"><a class=\"x1i10hfl xjbqb8w x1ejq31n x18oe1m7 x1sy0etr xstzfhl x972fbf x10w94by x1qhh985 x14e42zd x9f619 x1ypdohk xt0psk2 x3ct3a4 xdj266r x14z9mp xat24cr x1lziwak xexx8yu xyri2b x18d9i69 x1c1uobl x16tdsg8 x1hl2dhg xggy1nq x1a2a7pz xkrqix3 x1sur9pj x1fey0fg x1s688f\" tabindex=\"0\" role=\"link\" href=\"https:\/\/www.facebook.com\/amanc.colima?__cft__[0]=AZaCR8fpWVX3TypEnPuiH-y5RATrXcQlAvE7nXK9I56dsIuiiJRcuvi3UYwAiKlp8iI8dldrerzLMkNH3gRNZafp_XYJ-cpCrNztKCnl6vZbcbDqweJbIrG6WhUHjfbYWnIyG3aALDkh5NY6tQPqh3n-W6LWPVwAY_DHvIrMrGdORLTXhM7AN1G7MfY4jTi3H-4&amp;__tn__=-]K-R\"><span class=\"xt0psk2\"><span class=\"xjp7ctv\">Amanc Colima<\/span><\/span><\/a><\/span>, reafirm\u00f3 el compromiso de seguir apoyando esta causa, como parte de las metas estrat\u00e9gicas de nuestra presidenta <span class=\"html-span xdj266r x14z9mp xat24cr x1lziwak xexx8yu xyri2b x18d9i69 x1c1uobl x1hl2dhg x16tdsg8 x1vvkbs\"><a class=\"x1i10hfl xjbqb8w x1ejq31n x18oe1m7 x1sy0etr xstzfhl x972fbf x10w94by x1qhh985 x14e42zd x9f619 x1ypdohk xt0psk2 x3ct3a4 xdj266r x14z9mp xat24cr x1lziwak xexx8yu xyri2b x18d9i69 x1c1uobl x16tdsg8 x1hl2dhg xggy1nq x1a2a7pz xkrqix3 x1sur9pj x1fey0fg x1s688f\" tabindex=\"0\" role=\"link\" href=\"https:\/\/www.facebook.com\/TeyGtz?__cft__[0]=AZaCR8fpWVX3TypEnPuiH-y5RATrXcQlAvE7nXK9I56dsIuiiJRcuvi3UYwAiKlp8iI8dldrerzLMkNH3gRNZafp_XYJ-cpCrNztKCnl6vZbcbDqweJbIrG6WhUHjfbYWnIyG3aALDkh5NY6tQPqh3n-W6LWPVwAY_DHvIrMrGdORLTXhM7AN1G7MfY4jTi3H-4&amp;__tn__=-]K-R\"><span class=\"xt0psk2\"><span class=\"xjp7ctv\">Tey Guti\u00e9rrez<\/span><\/span><\/a><\/span> priorizando a aquellos grupos con mayor vulnerabilidad.<\/div>\n<div dir=\"auto\">De acuerdo con los datos del sector salud, el c\u00e1ncer es la segunda causa de muerte en menores de entre 0 y 18 a\u00f1os, por lo que se busca promover la detecci\u00f3n oportuna para aumentar las posibilidades de recuperaci\u00f3n y mejorar la calidad de vida de las ni\u00f1as, ni\u00f1os y adolescentes que padecen esta enfermedad. <span class=\"html-span xexx8yu xyri2b x18d9i69 x1c1uobl x1hl2dhg x16tdsg8 x1vvkbs x3nfvp2 x1j61x8r x1fcty0u xdj266r xat24cr xm2jcoa x1mpyi22 xxymvpz xlup9mm x1kky2od\"><img loading=\"lazy\" class=\"xz74otr x15mokao x1ga7v0g x16uus16 xbiv7yw\" src=\"https:\/\/static.xx.fbcdn.net\/images\/emoji.php\/v9\/t48\/1\/16\/1f467_1f3fb.png\" alt=\"\ud83d\udc67\ud83c\udffb\" width=\"16\" height=\"16\" \/><\/span> <span class=\"html-span xexx8yu xyri2b x18d9i69 x1c1uobl x1hl2dhg x16tdsg8 x1vvkbs x3nfvp2 x1j61x8r x1fcty0u xdj266r xat24cr xm2jcoa x1mpyi22 xxymvpz xlup9mm x1kky2od\"><img loading=\"lazy\" class=\"xz74otr x15mokao x1ga7v0g x16uus16 xbiv7yw\" src=\"https:\/\/static.xx.fbcdn.net\/images\/emoji.php\/v9\/t87\/1\/16\/1f466_1f3fb.png\" alt=\"\ud83d\udc66\ud83c\udffb\" width=\"16\" height=\"16\" \/><\/span><\/div>\n<div dir=\"auto\"><span class=\"html-span xdj266r x14z9mp xat24cr x1lziwak xexx8yu xyri2b x18d9i69 x1c1uobl x1hl2dhg x16tdsg8 x1vvkbs\"><a class=\"x1i10hfl xjbqb8w x1ejq31n x18oe1m7 x1sy0etr xstzfhl x972fbf x10w94by x1qhh985 x14e42zd x9f619 x1ypdohk xt0psk2 x3ct3a4 xdj266r x14z9mp xat24cr x1lziwak xexx8yu xyri2b x18d9i69 x1c1uobl x16tdsg8 x1hl2dhg xggy1nq x1a2a7pz xkrqix3 x1sur9pj x1fey0fg x1s688f\" tabindex=\"0\" role=\"link\" href=\"https:\/\/www.facebook.com\/hashtag\/lobuenosequeda?__eep__=6&amp;__cft__[0]=AZaCR8fpWVX3TypEnPuiH-y5RATrXcQlAvE7nXK9I56dsIuiiJRcuvi3UYwAiKlp8iI8dldrerzLMkNH3gRNZafp_XYJ-cpCrNztKCnl6vZbcbDqweJbIrG6WhUHjfbYWnIyG3aALDkh5NY6tQPqh3n-W6LWPVwAY_DHvIrMrGdORLTXhM7AN1G7MfY4jTi3H-4&amp;__tn__=*NK-R\">#LoBuenoSeQueda<\/a><\/span> <span class=\"html-span xexx8yu xyri2b x18d9i69 x1c1uobl x1hl2dhg x16tdsg8 x1vvkbs x3nfvp2 x1j61x8r x1fcty0u xdj266r xat24cr xm2jcoa x1mpyi22 xxymvpz xlup9mm x1kky2od\"><img loading=\"lazy\" class=\"xz74otr x15mokao x1ga7v0g x16uus16 xbiv7yw\" src=\"https:\/\/static.xx.fbcdn.net\/images\/emoji.php\/v9\/tb7\/1\/16\/1f917.png\" alt=\"\ud83e\udd17\" width=\"16\" height=\"16\" \/><\/span><\/div>\n","protected":false},"excerpt":{"rendered":"<p>Dentro del marco conmemorativo por el D\u00eda Internacional Contra el C\u00e1ncer Infantil, la directora del Dif Municipal de Villa de \u00c1lvarez, Martha Mart\u00ednez , en reuni\u00f3n con Amanc Colima, reafirm\u00f3 el compromiso de seguir apoyando esta causa, como parte de las metas estrat\u00e9gicas de nuestra presidenta Tey Guti\u00e9rrez priorizando a aquellos grupos con mayor vulnerabilidad.&hellip;<\/p>\n","protected":false},"author":2,"featured_media":4392,"comment_status":"open","ping_status":"open","sticky":false,"template":"","format":"standard","meta":[],"categories":[1],"tags":[],"_links":{"self":[{"href":"https:\/\/dif.villadealvarez.gob.mx\/noticias\/wp-json\/wp\/v2\/posts\/4391"}],"collection":[{"href":"https:\/\/dif.villadealvarez.gob.mx\/noticias\/wp-json\/wp\/v2\/posts"}],"about":[{"href":"https:\/\/dif.villadealvarez.gob.mx\/noticias\/wp-json\/wp\/v2\/types\/post"}],"author":[{"embeddable":true,"href":"https:\/\/dif.villadealvarez.gob.mx\/noticias\/wp-json\/wp\/v2\/users\/2"}],"replies":[{"embeddable":true,"href":"https:\/\/dif.villadealvarez.gob.mx\/noticias\/wp-json\/wp\/v2\/comments?post=4391"}],"version-history":[{"count":1,"href":"https:\/\/dif.villadealvarez.gob.mx\/noticias\/wp-json\/wp\/v2\/posts\/4391\/revisions"}],"predecessor-version":[{"id":4393,"href":"https:\/\/dif.villadealvarez.gob.mx\/noticias\/wp-json\/wp\/v2\/posts\/4391\/revisions\/4393"}],"wp:featuredmedia":[{"embeddable":true,"href":"https:\/\/dif.villadealvarez.gob.mx\/noticias\/wp-json\/wp\/v2\/media\/4392"}],"wp:attachment":[{"href":"https:\/\/dif.villadealvarez.gob.mx\/noticias\/wp-json\/wp\/v2\/media?parent=4391"}],"wp:term":[{"taxonomy":"category","embeddable":true,"href":"https:\/\/dif.villadealvarez.gob.mx\/noticias\/wp-json\/wp\/v2\/categories?post=4391"},{"taxonomy":"post_tag","embeddable":true,"href":"https:\/\/dif.villadealvarez.gob.mx\/noticias\/wp-json\/wp\/v2\/tags?post=4391"}],"curies":[{"name":"wp","href":"https:\/\/api.w.org\/{rel}","templated":true}]}}