{"id":4403,"date":"2026-03-03T15:48:04","date_gmt":"2026-03-03T15:48:04","guid":{"rendered":"https:\/\/dif.villadealvarez.gob.mx\/noticias\/?p=4403"},"modified":"2026-03-03T15:48:04","modified_gmt":"2026-03-03T15:48:04","slug":"toma-de-protesta-red-de-impulsores","status":"publish","type":"post","link":"https:\/\/dif.villadealvarez.gob.mx\/noticias\/2026\/03\/03\/toma-de-protesta-red-de-impulsores\/","title":{"rendered":"TOMA DE PROTESTA RED DE IMPULSORES"},"content":{"rendered":"<div dir=\"auto\">De manera coordinada <span class=\"html-span xexx8yu xyri2b x18d9i69 x1c1uobl x1hl2dhg x16tdsg8 x1vvkbs x3nfvp2 x1j61x8r x1fcty0u xdj266r xat24cr xm2jcoa x1mpyi22 xxymvpz xlup9mm x1kky2od\"><img loading=\"lazy\" class=\"xz74otr x15mokao x1ga7v0g x16uus16 xbiv7yw\" src=\"https:\/\/static.xx.fbcdn.net\/images\/emoji.php\/v9\/t64\/1\/16\/1f91d.png\" alt=\"\ud83e\udd1d\" width=\"16\" height=\"16\" \/><\/span>, el <span class=\"html-span xdj266r x14z9mp xat24cr x1lziwak xexx8yu xyri2b x18d9i69 x1c1uobl x1hl2dhg x16tdsg8 x1vvkbs\"><a class=\"x1i10hfl xjbqb8w x1ejq31n x18oe1m7 x1sy0etr xstzfhl x972fbf x10w94by x1qhh985 x14e42zd x9f619 x1ypdohk xt0psk2 x3ct3a4 xdj266r x14z9mp xat24cr x1lziwak xexx8yu xyri2b x18d9i69 x1c1uobl x16tdsg8 x1hl2dhg xggy1nq x1a2a7pz xkrqix3 x1sur9pj x1fey0fg x1s688f\" tabindex=\"0\" role=\"link\" href=\"https:\/\/www.facebook.com\/profile.php?id=100068542819634&amp;__cft__[0]=AZZx7UixcjHK64yJVmiPcepoQf6d15MjI3KGBV83XC0yXYS8KAONDjNXauy3QjKWpHoCFs4HX4KYgg5sOL1mCrLS6svO_M3MOFl9GTjd0ALh00qA6uvbTCsPyhxL1z2iPYEBlhN4b6sHf8D1gnpDGSGhrrm4OZwlcFcobsqcUCZoCd7ebQ-dGb5adH5xpebpPOQ&amp;__tn__=-]K-R\"><span class=\"xt0psk2\"><span class=\"xjp7ctv\">Dif Municipal de Villa de \u00c1lvarez<\/span><\/span><\/a><\/span>, a trav\u00e9s del equipo PANNAR, y el DIF Estatal, se llev\u00f3 a cabo la Toma de Protesta de la Red Municipal de Impulsores, en la Escuela Primaria Lorenzo Villa Rivera T.M, donde en representaci\u00f3n de nuestra presidenta <span class=\"html-span xdj266r x14z9mp xat24cr x1lziwak xexx8yu xyri2b x18d9i69 x1c1uobl x1hl2dhg x16tdsg8 x1vvkbs\"><a class=\"x1i10hfl xjbqb8w x1ejq31n x18oe1m7 x1sy0etr xstzfhl x972fbf x10w94by x1qhh985 x14e42zd x9f619 x1ypdohk xt0psk2 x3ct3a4 xdj266r x14z9mp xat24cr x1lziwak xexx8yu xyri2b x18d9i69 x1c1uobl x16tdsg8 x1hl2dhg xggy1nq x1a2a7pz xkrqix3 x1sur9pj x1fey0fg x1s688f\" tabindex=\"0\" role=\"link\" href=\"https:\/\/www.facebook.com\/TeyGtz?__cft__[0]=AZZx7UixcjHK64yJVmiPcepoQf6d15MjI3KGBV83XC0yXYS8KAONDjNXauy3QjKWpHoCFs4HX4KYgg5sOL1mCrLS6svO_M3MOFl9GTjd0ALh00qA6uvbTCsPyhxL1z2iPYEBlhN4b6sHf8D1gnpDGSGhrrm4OZwlcFcobsqcUCZoCd7ebQ-dGb5adH5xpebpPOQ&amp;__tn__=-]K-R\"><span class=\"xt0psk2\"><span class=\"xjp7ctv\">Tey Guti\u00e9rrez<\/span><\/span><\/a><\/span>, la directora <span class=\"html-span xdj266r x14z9mp xat24cr x1lziwak xexx8yu xyri2b x18d9i69 x1c1uobl x1hl2dhg x16tdsg8 x1vvkbs\"><a class=\"x1i10hfl xjbqb8w x1ejq31n x18oe1m7 x1sy0etr xstzfhl x972fbf x10w94by x1qhh985 x14e42zd x9f619 x1ypdohk xt0psk2 x3ct3a4 xdj266r x14z9mp xat24cr x1lziwak xexx8yu xyri2b x18d9i69 x1c1uobl x16tdsg8 x1hl2dhg xggy1nq x1a2a7pz xkrqix3 x1sur9pj x1fey0fg x1s688f\" tabindex=\"0\" role=\"link\" href=\"https:\/\/www.facebook.com\/profile.php?id=61582474168695&amp;__cft__[0]=AZZx7UixcjHK64yJVmiPcepoQf6d15MjI3KGBV83XC0yXYS8KAONDjNXauy3QjKWpHoCFs4HX4KYgg5sOL1mCrLS6svO_M3MOFl9GTjd0ALh00qA6uvbTCsPyhxL1z2iPYEBlhN4b6sHf8D1gnpDGSGhrrm4OZwlcFcobsqcUCZoCd7ebQ-dGb5adH5xpebpPOQ&amp;__tn__=-]K-R\"><span class=\"xt0psk2\"><span class=\"xjp7ctv\">Martha Mart\u00ednez<\/span><\/span><\/a><\/span> felicit\u00f3 a las ni\u00f1as y ni\u00f1os participantes por asumir el compromiso de promover los derechos de la infancia en nuestro municipio.<\/div>\n<div dir=\"auto\">En la administraci\u00f3n que encabeza la alcaldesa Esther Guti\u00e9rrez, seguiremos trabajando a favor de nuestra ni\u00f1ez.<\/div>\n<div dir=\"auto\"><span class=\"html-span xexx8yu xyri2b x18d9i69 x1c1uobl x1hl2dhg x16tdsg8 x1vvkbs x3nfvp2 x1j61x8r x1fcty0u xdj266r xat24cr xm2jcoa x1mpyi22 xxymvpz xlup9mm x1kky2od\"><img loading=\"lazy\" class=\"xz74otr x15mokao x1ga7v0g x16uus16 xbiv7yw\" src=\"https:\/\/static.xx.fbcdn.net\/images\/emoji.php\/v9\/t7f\/1\/16\/1f60a.png\" alt=\"\ud83d\ude0a\" width=\"16\" height=\"16\" \/><\/span>Agradecemos a las autoridades educativas por recibirnos en sus instalaciones.<span class=\"html-span xexx8yu xyri2b x18d9i69 x1c1uobl x1hl2dhg x16tdsg8 x1vvkbs x3nfvp2 x1j61x8r x1fcty0u xdj266r xat24cr xm2jcoa x1mpyi22 xxymvpz xlup9mm x1kky2od\"><img loading=\"lazy\" class=\"xz74otr x15mokao x1ga7v0g x16uus16 xbiv7yw\" src=\"https:\/\/static.xx.fbcdn.net\/images\/emoji.php\/v9\/tb8\/1\/16\/1f64c_1f3fb.png\" alt=\"\ud83d\ude4c\ud83c\udffb\" width=\"16\" height=\"16\" \/><\/span><\/div>\n<div dir=\"auto\"><span class=\"html-span xdj266r x14z9mp xat24cr x1lziwak xexx8yu xyri2b x18d9i69 x1c1uobl x1hl2dhg x16tdsg8 x1vvkbs\"><a class=\"x1i10hfl xjbqb8w x1ejq31n x18oe1m7 x1sy0etr xstzfhl x972fbf x10w94by x1qhh985 x14e42zd x9f619 x1ypdohk xt0psk2 x3ct3a4 xdj266r x14z9mp xat24cr x1lziwak xexx8yu xyri2b x18d9i69 x1c1uobl x16tdsg8 x1hl2dhg xggy1nq x1a2a7pz xkrqix3 x1sur9pj x1fey0fg x1s688f\" tabindex=\"0\" role=\"link\" href=\"https:\/\/www.facebook.com\/hashtag\/lobuenosequeda?__eep__=6&amp;__cft__[0]=AZZx7UixcjHK64yJVmiPcepoQf6d15MjI3KGBV83XC0yXYS8KAONDjNXauy3QjKWpHoCFs4HX4KYgg5sOL1mCrLS6svO_M3MOFl9GTjd0ALh00qA6uvbTCsPyhxL1z2iPYEBlhN4b6sHf8D1gnpDGSGhrrm4OZwlcFcobsqcUCZoCd7ebQ-dGb5adH5xpebpPOQ&amp;__tn__=*NK-R\">#LoBuenoSeQueda<\/a><\/span> <span class=\"html-span xexx8yu xyri2b x18d9i69 x1c1uobl x1hl2dhg x16tdsg8 x1vvkbs x3nfvp2 x1j61x8r x1fcty0u xdj266r xat24cr xm2jcoa x1mpyi22 xxymvpz xlup9mm x1kky2od\"><img loading=\"lazy\" class=\"xz74otr x15mokao x1ga7v0g x16uus16 xbiv7yw\" src=\"https:\/\/static.xx.fbcdn.net\/images\/emoji.php\/v9\/t33\/1\/16\/2705.png\" alt=\"\u2705\ufe0f\" width=\"16\" height=\"16\" \/><\/span><\/div>\n","protected":false},"excerpt":{"rendered":"<p>De manera coordinada , el Dif Municipal de Villa de \u00c1lvarez, a trav\u00e9s del equipo PANNAR, y el DIF Estatal, se llev\u00f3 a cabo la Toma de Protesta de la Red Municipal de Impulsores, en la Escuela Primaria Lorenzo Villa Rivera T.M, donde en representaci\u00f3n de nuestra presidenta Tey Guti\u00e9rrez, la directora Martha Mart\u00ednez felicit\u00f3&hellip;<\/p>\n","protected":false},"author":2,"featured_media":4404,"comment_status":"open","ping_status":"open","sticky":false,"template":"","format":"standard","meta":[],"categories":[1],"tags":[],"_links":{"self":[{"href":"https:\/\/dif.villadealvarez.gob.mx\/noticias\/wp-json\/wp\/v2\/posts\/4403"}],"collection":[{"href":"https:\/\/dif.villadealvarez.gob.mx\/noticias\/wp-json\/wp\/v2\/posts"}],"about":[{"href":"https:\/\/dif.villadealvarez.gob.mx\/noticias\/wp-json\/wp\/v2\/types\/post"}],"author":[{"embeddable":true,"href":"https:\/\/dif.villadealvarez.gob.mx\/noticias\/wp-json\/wp\/v2\/users\/2"}],"replies":[{"embeddable":true,"href":"https:\/\/dif.villadealvarez.gob.mx\/noticias\/wp-json\/wp\/v2\/comments?post=4403"}],"version-history":[{"count":1,"href":"https:\/\/dif.villadealvarez.gob.mx\/noticias\/wp-json\/wp\/v2\/posts\/4403\/revisions"}],"predecessor-version":[{"id":4405,"href":"https:\/\/dif.villadealvarez.gob.mx\/noticias\/wp-json\/wp\/v2\/posts\/4403\/revisions\/4405"}],"wp:featuredmedia":[{"embeddable":true,"href":"https:\/\/dif.villadealvarez.gob.mx\/noticias\/wp-json\/wp\/v2\/media\/4404"}],"wp:attachment":[{"href":"https:\/\/dif.villadealvarez.gob.mx\/noticias\/wp-json\/wp\/v2\/media?parent=4403"}],"wp:term":[{"taxonomy":"category","embeddable":true,"href":"https:\/\/dif.villadealvarez.gob.mx\/noticias\/wp-json\/wp\/v2\/categories?post=4403"},{"taxonomy":"post_tag","embeddable":true,"href":"https:\/\/dif.villadealvarez.gob.mx\/noticias\/wp-json\/wp\/v2\/tags?post=4403"}],"curies":[{"name":"wp","href":"https:\/\/api.w.org\/{rel}","templated":true}]}}