{"id":4409,"date":"2026-03-03T16:23:45","date_gmt":"2026-03-03T16:23:45","guid":{"rendered":"https:\/\/dif.villadealvarez.gob.mx\/noticias\/?p=4409"},"modified":"2026-03-03T16:23:45","modified_gmt":"2026-03-03T16:23:45","slug":"metas-estrategicas-2026","status":"publish","type":"post","link":"https:\/\/dif.villadealvarez.gob.mx\/noticias\/2026\/03\/03\/metas-estrategicas-2026\/","title":{"rendered":"METAS ESTRAT\u00c9GICAS 2026"},"content":{"rendered":"<div dir=\"auto\"><span class=\"html-span xexx8yu xyri2b x18d9i69 x1c1uobl x1hl2dhg x16tdsg8 x1vvkbs x3nfvp2 x1j61x8r x1fcty0u xdj266r xat24cr xm2jcoa x1mpyi22 xxymvpz xlup9mm x1kky2od\"><img loading=\"lazy\" class=\"xz74otr x15mokao x1ga7v0g x16uus16 xbiv7yw\" src=\"https:\/\/static.xx.fbcdn.net\/images\/emoji.php\/v9\/t51\/1\/16\/1f603.png\" alt=\"\ud83d\ude03\" width=\"16\" height=\"16\" \/><\/span>Las Metas Estrat\u00e9gicas del Programa de Gobierno del A\u00f1o 2026 est\u00e1n dise\u00f1adas para que las y los j\u00f3venes <span class=\"html-span xexx8yu xyri2b x18d9i69 x1c1uobl x1hl2dhg x16tdsg8 x1vvkbs x3nfvp2 x1j61x8r x1fcty0u xdj266r xat24cr xm2jcoa x1mpyi22 xxymvpz xlup9mm x1kky2od\"><img loading=\"lazy\" class=\"xz74otr x15mokao x1ga7v0g x16uus16 xbiv7yw\" src=\"https:\/\/static.xx.fbcdn.net\/images\/emoji.php\/v9\/t71\/1\/16\/1f469_1f3fb_200d_1f9b1.png\" alt=\"\ud83d\udc69\ud83c\udffb\u200d\ud83e\uddb1\" width=\"16\" height=\"16\" \/><\/span><span class=\"html-span xexx8yu xyri2b x18d9i69 x1c1uobl x1hl2dhg x16tdsg8 x1vvkbs x3nfvp2 x1j61x8r x1fcty0u xdj266r xat24cr xm2jcoa x1mpyi22 xxymvpz xlup9mm x1kky2od\"><img loading=\"lazy\" class=\"xz74otr x15mokao x1ga7v0g x16uus16 xbiv7yw\" src=\"https:\/\/static.xx.fbcdn.net\/images\/emoji.php\/v9\/t11\/1\/16\/1f471_1f3fb_200d_2642.png\" alt=\"\ud83d\udc71\ud83c\udffb\u200d\u2642\ufe0f\" width=\"16\" height=\"16\" \/><\/span>tengan mayores oportunidades para desarrollar su potencial y contribuyan al sistema productivo, as\u00ed lo afirm\u00f3 nuestra presidenta <span class=\"html-span xdj266r x14z9mp xat24cr x1lziwak xexx8yu xyri2b x18d9i69 x1c1uobl x1hl2dhg x16tdsg8 x1vvkbs\"><a class=\"x1i10hfl xjbqb8w x1ejq31n x18oe1m7 x1sy0etr xstzfhl x972fbf x10w94by x1qhh985 x14e42zd x9f619 x1ypdohk xt0psk2 x3ct3a4 xdj266r x14z9mp xat24cr x1lziwak xexx8yu xyri2b x18d9i69 x1c1uobl x16tdsg8 x1hl2dhg xggy1nq x1a2a7pz xkrqix3 x1sur9pj x1fey0fg x1s688f\" tabindex=\"0\" role=\"link\" href=\"https:\/\/www.facebook.com\/TeyGtz?__cft__[0]=AZbkz4TVoYXtXdDMrxVi8AYi_GyYofdZh4lznrASccK1tHxpzPU-CdYyHkl6EqnXE0XUbQIXVCFMkwc83FwxWRsSReLd0cg5LD6QXlMUYIaJXGDyG7NOnHASQEAq1xUXcQNa7SyHjZlcY5JVq8xu71mvRZFKGL56kDklS67Ixlhg-14l4NgXGI665QLUawjZSVM&amp;__tn__=-]K-R\"><span class=\"xt0psk2\"><span class=\"xjp7ctv\">Tey Guti\u00e9rrez<\/span><\/span><\/a><\/span>, en la Segunda Sesi\u00f3n Ordinaria del Consejo Directivo del Instituto Villalvarense de la Juventud, donde estuvo presente la directora del <span class=\"html-span xdj266r x14z9mp xat24cr x1lziwak xexx8yu xyri2b x18d9i69 x1c1uobl x1hl2dhg x16tdsg8 x1vvkbs\"><a class=\"x1i10hfl xjbqb8w x1ejq31n x18oe1m7 x1sy0etr xstzfhl x972fbf x10w94by x1qhh985 x14e42zd x9f619 x1ypdohk xt0psk2 x3ct3a4 xdj266r x14z9mp xat24cr x1lziwak xexx8yu xyri2b x18d9i69 x1c1uobl x16tdsg8 x1hl2dhg xggy1nq x1a2a7pz xkrqix3 x1sur9pj x1fey0fg x1s688f\" tabindex=\"0\" role=\"link\" href=\"https:\/\/www.facebook.com\/profile.php?id=100068542819634&amp;__cft__[0]=AZbkz4TVoYXtXdDMrxVi8AYi_GyYofdZh4lznrASccK1tHxpzPU-CdYyHkl6EqnXE0XUbQIXVCFMkwc83FwxWRsSReLd0cg5LD6QXlMUYIaJXGDyG7NOnHASQEAq1xUXcQNa7SyHjZlcY5JVq8xu71mvRZFKGL56kDklS67Ixlhg-14l4NgXGI665QLUawjZSVM&amp;__tn__=-]K-R\"><span class=\"xt0psk2\"><span class=\"xjp7ctv\">Dif Municipal de Villa de \u00c1lvarez<\/span><\/span><\/a><\/span>, <span class=\"html-span xdj266r x14z9mp xat24cr x1lziwak xexx8yu xyri2b x18d9i69 x1c1uobl x1hl2dhg x16tdsg8 x1vvkbs\"><a class=\"x1i10hfl xjbqb8w x1ejq31n x18oe1m7 x1sy0etr xstzfhl x972fbf x10w94by x1qhh985 x14e42zd x9f619 x1ypdohk xt0psk2 x3ct3a4 xdj266r x14z9mp xat24cr x1lziwak xexx8yu xyri2b x18d9i69 x1c1uobl x16tdsg8 x1hl2dhg xggy1nq x1a2a7pz xkrqix3 x1sur9pj x1fey0fg x1s688f\" tabindex=\"0\" role=\"link\" href=\"https:\/\/www.facebook.com\/profile.php?id=61582474168695&amp;__cft__[0]=AZbkz4TVoYXtXdDMrxVi8AYi_GyYofdZh4lznrASccK1tHxpzPU-CdYyHkl6EqnXE0XUbQIXVCFMkwc83FwxWRsSReLd0cg5LD6QXlMUYIaJXGDyG7NOnHASQEAq1xUXcQNa7SyHjZlcY5JVq8xu71mvRZFKGL56kDklS67Ixlhg-14l4NgXGI665QLUawjZSVM&amp;__tn__=-]K-R\"><span class=\"xt0psk2\"><span class=\"xjp7ctv\">Martha Mart\u00ednez<\/span><\/span><\/a><\/span>, apoyando las 13 iniciativas para el sector juvenil villalvarense: crear el primer voluntariado juvenil del Instituto Villalvarense de la Juventud; dise\u00f1ar e implementar un programa de educaci\u00f3n en salud sexual; realizar un programa integral sobre la importancia del cuidado de la salud mental; dise\u00f1ar e implementar un programa de actividades recreativas en los \u00e1mbitos pol\u00edtico, social, cultural y deportivo; dise\u00f1ar e implementar un programa para j\u00f3venes emprendedores, y realizar actividades orientadas a fortalecer las capacidades de las juventudes para su futura inserci\u00f3n laboral.<\/div>\n<div dir=\"auto\"><span class=\"html-span xexx8yu xyri2b x18d9i69 x1c1uobl x1hl2dhg x16tdsg8 x1vvkbs x3nfvp2 x1j61x8r x1fcty0u xdj266r xat24cr xm2jcoa x1mpyi22 xxymvpz xlup9mm x1kky2od\"><img loading=\"lazy\" class=\"xz74otr x15mokao x1ga7v0g x16uus16 xbiv7yw\" src=\"https:\/\/static.xx.fbcdn.net\/images\/emoji.php\/v9\/tc6\/1\/16\/1f680.png\" alt=\"\ud83d\ude80\" width=\"16\" height=\"16\" \/><\/span> Gracias a Karla Edith Garc\u00eda, Subsecretaria de <span class=\"html-span xdj266r x14z9mp xat24cr x1lziwak xexx8yu xyri2b x18d9i69 x1c1uobl x1hl2dhg x16tdsg8 x1vvkbs\"><a class=\"x1i10hfl xjbqb8w x1ejq31n x18oe1m7 x1sy0etr xstzfhl x972fbf x10w94by x1qhh985 x14e42zd x9f619 x1ypdohk xt0psk2 x3ct3a4 xdj266r x14z9mp xat24cr x1lziwak xexx8yu xyri2b x18d9i69 x1c1uobl x16tdsg8 x1hl2dhg xggy1nq x1a2a7pz xkrqix3 x1sur9pj x1fey0fg x1s688f\" tabindex=\"0\" role=\"link\" href=\"https:\/\/www.facebook.com\/hashtag\/juventudescol?__eep__=6&amp;__cft__[0]=AZbkz4TVoYXtXdDMrxVi8AYi_GyYofdZh4lznrASccK1tHxpzPU-CdYyHkl6EqnXE0XUbQIXVCFMkwc83FwxWRsSReLd0cg5LD6QXlMUYIaJXGDyG7NOnHASQEAq1xUXcQNa7SyHjZlcY5JVq8xu71mvRZFKGL56kDklS67Ixlhg-14l4NgXGI665QLUawjZSVM&amp;__tn__=*NK-R\">#JuventudesCol<\/a><\/span> por hacer equipo. <span class=\"html-span xdj266r x14z9mp xat24cr x1lziwak xexx8yu xyri2b x18d9i69 x1c1uobl x1hl2dhg x16tdsg8 x1vvkbs\"><a class=\"x1i10hfl xjbqb8w x1ejq31n x18oe1m7 x1sy0etr xstzfhl x972fbf x10w94by x1qhh985 x14e42zd x9f619 x1ypdohk xt0psk2 x3ct3a4 xdj266r x14z9mp xat24cr x1lziwak xexx8yu xyri2b x18d9i69 x1c1uobl x16tdsg8 x1hl2dhg xggy1nq x1a2a7pz xkrqix3 x1sur9pj x1fey0fg x1s688f\" tabindex=\"0\" role=\"link\" href=\"https:\/\/www.facebook.com\/hashtag\/lobuenosequeda?__eep__=6&amp;__cft__[0]=AZbkz4TVoYXtXdDMrxVi8AYi_GyYofdZh4lznrASccK1tHxpzPU-CdYyHkl6EqnXE0XUbQIXVCFMkwc83FwxWRsSReLd0cg5LD6QXlMUYIaJXGDyG7NOnHASQEAq1xUXcQNa7SyHjZlcY5JVq8xu71mvRZFKGL56kDklS67Ixlhg-14l4NgXGI665QLUawjZSVM&amp;__tn__=*NK-R\">#LoBuenoSeQueda<\/a><\/span> <span class=\"html-span xdj266r x14z9mp xat24cr x1lziwak xexx8yu xyri2b x18d9i69 x1c1uobl x1hl2dhg x16tdsg8 x1vvkbs\"><a class=\"x1i10hfl xjbqb8w x1ejq31n x18oe1m7 x1sy0etr xstzfhl x972fbf x10w94by x1qhh985 x14e42zd x9f619 x1ypdohk xt0psk2 x3ct3a4 xdj266r x14z9mp xat24cr x1lziwak xexx8yu xyri2b x18d9i69 x1c1uobl x16tdsg8 x1hl2dhg xggy1nq x1a2a7pz xkrqix3 x1sur9pj x1fey0fg x1s688f\" tabindex=\"0\" role=\"link\" href=\"https:\/\/www.facebook.com\/hashtag\/villade%C3%A1lvarez?__eep__=6&amp;__cft__[0]=AZbkz4TVoYXtXdDMrxVi8AYi_GyYofdZh4lznrASccK1tHxpzPU-CdYyHkl6EqnXE0XUbQIXVCFMkwc83FwxWRsSReLd0cg5LD6QXlMUYIaJXGDyG7NOnHASQEAq1xUXcQNa7SyHjZlcY5JVq8xu71mvRZFKGL56kDklS67Ixlhg-14l4NgXGI665QLUawjZSVM&amp;__tn__=*NK-R\">#VillaDe\u00c1lvarez<\/a><\/span> <span class=\"html-span xdj266r x14z9mp xat24cr x1lziwak xexx8yu xyri2b x18d9i69 x1c1uobl x1hl2dhg x16tdsg8 x1vvkbs\"><a class=\"x1i10hfl xjbqb8w x1ejq31n x18oe1m7 x1sy0etr xstzfhl x972fbf x10w94by x1qhh985 x14e42zd x9f619 x1ypdohk xt0psk2 x3ct3a4 xdj266r x14z9mp xat24cr x1lziwak xexx8yu xyri2b x18d9i69 x1c1uobl x16tdsg8 x1hl2dhg xggy1nq x1a2a7pz xkrqix3 x1sur9pj x1fey0fg x1s688f\" tabindex=\"0\" role=\"link\" href=\"https:\/\/www.facebook.com\/hashtag\/juventudes?__eep__=6&amp;__cft__[0]=AZbkz4TVoYXtXdDMrxVi8AYi_GyYofdZh4lznrASccK1tHxpzPU-CdYyHkl6EqnXE0XUbQIXVCFMkwc83FwxWRsSReLd0cg5LD6QXlMUYIaJXGDyG7NOnHASQEAq1xUXcQNa7SyHjZlcY5JVq8xu71mvRZFKGL56kDklS67Ixlhg-14l4NgXGI665QLUawjZSVM&amp;__tn__=*NK-R\">#Juventudes<\/a><\/span><\/div>\n","protected":false},"excerpt":{"rendered":"<p>Las Metas Estrat\u00e9gicas del Programa de Gobierno del A\u00f1o 2026 est\u00e1n dise\u00f1adas para que las y los j\u00f3venes tengan mayores oportunidades para desarrollar su potencial y contribuyan al sistema productivo, as\u00ed lo afirm\u00f3 nuestra presidenta Tey Guti\u00e9rrez, en la Segunda Sesi\u00f3n Ordinaria del Consejo Directivo del Instituto Villalvarense de la Juventud, donde estuvo presente la&hellip;<\/p>\n","protected":false},"author":2,"featured_media":4410,"comment_status":"open","ping_status":"open","sticky":false,"template":"","format":"standard","meta":[],"categories":[1],"tags":[],"_links":{"self":[{"href":"https:\/\/dif.villadealvarez.gob.mx\/noticias\/wp-json\/wp\/v2\/posts\/4409"}],"collection":[{"href":"https:\/\/dif.villadealvarez.gob.mx\/noticias\/wp-json\/wp\/v2\/posts"}],"about":[{"href":"https:\/\/dif.villadealvarez.gob.mx\/noticias\/wp-json\/wp\/v2\/types\/post"}],"author":[{"embeddable":true,"href":"https:\/\/dif.villadealvarez.gob.mx\/noticias\/wp-json\/wp\/v2\/users\/2"}],"replies":[{"embeddable":true,"href":"https:\/\/dif.villadealvarez.gob.mx\/noticias\/wp-json\/wp\/v2\/comments?post=4409"}],"version-history":[{"count":1,"href":"https:\/\/dif.villadealvarez.gob.mx\/noticias\/wp-json\/wp\/v2\/posts\/4409\/revisions"}],"predecessor-version":[{"id":4411,"href":"https:\/\/dif.villadealvarez.gob.mx\/noticias\/wp-json\/wp\/v2\/posts\/4409\/revisions\/4411"}],"wp:featuredmedia":[{"embeddable":true,"href":"https:\/\/dif.villadealvarez.gob.mx\/noticias\/wp-json\/wp\/v2\/media\/4410"}],"wp:attachment":[{"href":"https:\/\/dif.villadealvarez.gob.mx\/noticias\/wp-json\/wp\/v2\/media?parent=4409"}],"wp:term":[{"taxonomy":"category","embeddable":true,"href":"https:\/\/dif.villadealvarez.gob.mx\/noticias\/wp-json\/wp\/v2\/categories?post=4409"},{"taxonomy":"post_tag","embeddable":true,"href":"https:\/\/dif.villadealvarez.gob.mx\/noticias\/wp-json\/wp\/v2\/tags?post=4409"}],"curies":[{"name":"wp","href":"https:\/\/api.w.org\/{rel}","templated":true}]}}