{"id":4441,"date":"2026-03-03T16:36:31","date_gmt":"2026-03-03T16:36:31","guid":{"rendered":"https:\/\/dif.villadealvarez.gob.mx\/noticias\/?p=4441"},"modified":"2026-03-03T16:36:31","modified_gmt":"2026-03-03T16:36:31","slug":"la-villa-es-solidaria-2","status":"publish","type":"post","link":"https:\/\/dif.villadealvarez.gob.mx\/noticias\/2026\/03\/03\/la-villa-es-solidaria-2\/","title":{"rendered":"LA VILLA ES SOLIDARIA"},"content":{"rendered":"<div dir=\"auto\">Hoy nuestra presidenta municipal <span class=\"html-span xdj266r x14z9mp xat24cr x1lziwak xexx8yu xyri2b x18d9i69 x1c1uobl x1hl2dhg x16tdsg8 x1vvkbs\"><a class=\"x1i10hfl xjbqb8w x1ejq31n x18oe1m7 x1sy0etr xstzfhl x972fbf x10w94by x1qhh985 x14e42zd x9f619 x1ypdohk xt0psk2 x3ct3a4 xdj266r x14z9mp xat24cr x1lziwak xexx8yu xyri2b x18d9i69 x1c1uobl x16tdsg8 x1hl2dhg xggy1nq x1a2a7pz xkrqix3 x1sur9pj x1fey0fg x1s688f\" tabindex=\"0\" role=\"link\" href=\"https:\/\/www.facebook.com\/TeyGtz?__cft__[0]=AZZqu8g84zRqzz9As0FmKdtmd0ZEvJE4EUNHwzhDV0I49zE4UkfQwrmlYo14Fq8aGy6D2ea-oFav_ArWdnT1G0a4753tYzcX5QPrCYoZM-4YkksL49alVSBV2pgRB2-5LVX_0RFECyliNG1VqRi5Vu9kKlkugmVqW8bkBzker5PhWQd-UkkGfNbW10iMGEBDmCY&amp;__tn__=-]K-R\"><span class=\"xt0psk2\"><span class=\"xjp7ctv\">Tey Guti\u00e9rrez<\/span><\/span><\/a><\/span>, acompa\u00f1ada por la directora del <span class=\"html-span xdj266r x14z9mp xat24cr x1lziwak xexx8yu xyri2b x18d9i69 x1c1uobl x1hl2dhg x16tdsg8 x1vvkbs\"><a class=\"x1i10hfl xjbqb8w x1ejq31n x18oe1m7 x1sy0etr xstzfhl x972fbf x10w94by x1qhh985 x14e42zd x9f619 x1ypdohk xt0psk2 x3ct3a4 xdj266r x14z9mp xat24cr x1lziwak xexx8yu xyri2b x18d9i69 x1c1uobl x16tdsg8 x1hl2dhg xggy1nq x1a2a7pz xkrqix3 x1sur9pj x1fey0fg x1s688f\" tabindex=\"0\" role=\"link\" href=\"https:\/\/www.facebook.com\/profile.php?id=100068542819634&amp;__cft__[0]=AZZqu8g84zRqzz9As0FmKdtmd0ZEvJE4EUNHwzhDV0I49zE4UkfQwrmlYo14Fq8aGy6D2ea-oFav_ArWdnT1G0a4753tYzcX5QPrCYoZM-4YkksL49alVSBV2pgRB2-5LVX_0RFECyliNG1VqRi5Vu9kKlkugmVqW8bkBzker5PhWQd-UkkGfNbW10iMGEBDmCY&amp;__tn__=-]K-R\"><span class=\"xt0psk2\"><span class=\"xjp7ctv\">Dif Municipal de Villa de \u00c1lvarez<\/span><\/span><\/a><\/span>, <span class=\"html-span xdj266r x14z9mp xat24cr x1lziwak xexx8yu xyri2b x18d9i69 x1c1uobl x1hl2dhg x16tdsg8 x1vvkbs\"><a class=\"x1i10hfl xjbqb8w x1ejq31n x18oe1m7 x1sy0etr xstzfhl x972fbf x10w94by x1qhh985 x14e42zd x9f619 x1ypdohk xt0psk2 x3ct3a4 xdj266r x14z9mp xat24cr x1lziwak xexx8yu xyri2b x18d9i69 x1c1uobl x16tdsg8 x1hl2dhg xggy1nq x1a2a7pz xkrqix3 x1sur9pj x1fey0fg x1s688f\" tabindex=\"0\" role=\"link\" href=\"https:\/\/www.facebook.com\/profile.php?id=61582474168695&amp;__cft__[0]=AZZqu8g84zRqzz9As0FmKdtmd0ZEvJE4EUNHwzhDV0I49zE4UkfQwrmlYo14Fq8aGy6D2ea-oFav_ArWdnT1G0a4753tYzcX5QPrCYoZM-4YkksL49alVSBV2pgRB2-5LVX_0RFECyliNG1VqRi5Vu9kKlkugmVqW8bkBzker5PhWQd-UkkGfNbW10iMGEBDmCY&amp;__tn__=-]K-R\"><span class=\"xt0psk2\"><span class=\"xjp7ctv\">Martha Mart\u00ednez<\/span><\/span><\/a><\/span> y el equipo del Voluntariado, asisti\u00f3 al arranque de la Colecta Anual de la <span class=\"html-span xdj266r x14z9mp xat24cr x1lziwak xexx8yu xyri2b x18d9i69 x1c1uobl x1hl2dhg x16tdsg8 x1vvkbs\"><a class=\"x1i10hfl xjbqb8w x1ejq31n x18oe1m7 x1sy0etr xstzfhl x972fbf x10w94by x1qhh985 x14e42zd x9f619 x1ypdohk xt0psk2 x3ct3a4 xdj266r x14z9mp xat24cr x1lziwak xexx8yu xyri2b x18d9i69 x1c1uobl x16tdsg8 x1hl2dhg xggy1nq x1a2a7pz xkrqix3 x1sur9pj x1fey0fg x1s688f\" tabindex=\"0\" role=\"link\" href=\"https:\/\/www.facebook.com\/CRMColima?__cft__[0]=AZZqu8g84zRqzz9As0FmKdtmd0ZEvJE4EUNHwzhDV0I49zE4UkfQwrmlYo14Fq8aGy6D2ea-oFav_ArWdnT1G0a4753tYzcX5QPrCYoZM-4YkksL49alVSBV2pgRB2-5LVX_0RFECyliNG1VqRi5Vu9kKlkugmVqW8bkBzker5PhWQd-UkkGfNbW10iMGEBDmCY&amp;__tn__=-]K-R\"><span class=\"xt0psk2\"><span class=\"xjp7ctv\">Cruz Roja<\/span><\/span><\/a><\/span> 2026<span class=\"html-span xexx8yu xyri2b x18d9i69 x1c1uobl x1hl2dhg x16tdsg8 x1vvkbs x3nfvp2 x1j61x8r x1fcty0u xdj266r xat24cr xm2jcoa x1mpyi22 xxymvpz xlup9mm x1kky2od\"><img loading=\"lazy\" class=\"xz74otr x15mokao x1ga7v0g x16uus16 xbiv7yw\" src=\"https:\/\/static.xx.fbcdn.net\/images\/emoji.php\/v9\/t3a\/1\/16\/26d1.png\" alt=\"\u26d1\ufe0f\" width=\"16\" height=\"16\" \/><\/span>, encabezada por la Gobernadora del Estado, Indira Vizca\u00edno Silva, donde hicieron su aportaci\u00f3n para apoyar esta noble causa, que lleva por lema \u201cEsto que ves, lo hacemos juntos\u201d.<\/div>\n<div dir=\"auto\"><span class=\"html-span xdj266r x14z9mp xat24cr x1lziwak xexx8yu xyri2b x18d9i69 x1c1uobl x1hl2dhg x16tdsg8 x1vvkbs\"><a class=\"x1i10hfl xjbqb8w x1ejq31n x18oe1m7 x1sy0etr xstzfhl x972fbf x10w94by x1qhh985 x14e42zd x9f619 x1ypdohk xt0psk2 x3ct3a4 xdj266r x14z9mp xat24cr x1lziwak xexx8yu xyri2b x18d9i69 x1c1uobl x16tdsg8 x1hl2dhg xggy1nq x1a2a7pz xkrqix3 x1sur9pj x1fey0fg x1s688f\" tabindex=\"0\" role=\"link\" href=\"https:\/\/www.facebook.com\/hashtag\/lobuenosequeda?__eep__=6&amp;__cft__[0]=AZZqu8g84zRqzz9As0FmKdtmd0ZEvJE4EUNHwzhDV0I49zE4UkfQwrmlYo14Fq8aGy6D2ea-oFav_ArWdnT1G0a4753tYzcX5QPrCYoZM-4YkksL49alVSBV2pgRB2-5LVX_0RFECyliNG1VqRi5Vu9kKlkugmVqW8bkBzker5PhWQd-UkkGfNbW10iMGEBDmCY&amp;__tn__=*NK-R\">#LoBuenoSeQueda<\/a><\/span><\/div>\n","protected":false},"excerpt":{"rendered":"<p>Hoy nuestra presidenta municipal Tey Guti\u00e9rrez, acompa\u00f1ada por la directora del Dif Municipal de Villa de \u00c1lvarez, Martha Mart\u00ednez y el equipo del Voluntariado, asisti\u00f3 al arranque de la Colecta Anual de la Cruz Roja 2026, encabezada por la Gobernadora del Estado, Indira Vizca\u00edno Silva, donde hicieron su aportaci\u00f3n para apoyar esta noble causa, que&hellip;<\/p>\n","protected":false},"author":2,"featured_media":4442,"comment_status":"open","ping_status":"open","sticky":false,"template":"","format":"standard","meta":[],"categories":[1],"tags":[],"_links":{"self":[{"href":"https:\/\/dif.villadealvarez.gob.mx\/noticias\/wp-json\/wp\/v2\/posts\/4441"}],"collection":[{"href":"https:\/\/dif.villadealvarez.gob.mx\/noticias\/wp-json\/wp\/v2\/posts"}],"about":[{"href":"https:\/\/dif.villadealvarez.gob.mx\/noticias\/wp-json\/wp\/v2\/types\/post"}],"author":[{"embeddable":true,"href":"https:\/\/dif.villadealvarez.gob.mx\/noticias\/wp-json\/wp\/v2\/users\/2"}],"replies":[{"embeddable":true,"href":"https:\/\/dif.villadealvarez.gob.mx\/noticias\/wp-json\/wp\/v2\/comments?post=4441"}],"version-history":[{"count":1,"href":"https:\/\/dif.villadealvarez.gob.mx\/noticias\/wp-json\/wp\/v2\/posts\/4441\/revisions"}],"predecessor-version":[{"id":4443,"href":"https:\/\/dif.villadealvarez.gob.mx\/noticias\/wp-json\/wp\/v2\/posts\/4441\/revisions\/4443"}],"wp:featuredmedia":[{"embeddable":true,"href":"https:\/\/dif.villadealvarez.gob.mx\/noticias\/wp-json\/wp\/v2\/media\/4442"}],"wp:attachment":[{"href":"https:\/\/dif.villadealvarez.gob.mx\/noticias\/wp-json\/wp\/v2\/media?parent=4441"}],"wp:term":[{"taxonomy":"category","embeddable":true,"href":"https:\/\/dif.villadealvarez.gob.mx\/noticias\/wp-json\/wp\/v2\/categories?post=4441"},{"taxonomy":"post_tag","embeddable":true,"href":"https:\/\/dif.villadealvarez.gob.mx\/noticias\/wp-json\/wp\/v2\/tags?post=4441"}],"curies":[{"name":"wp","href":"https:\/\/api.w.org\/{rel}","templated":true}]}}