{"id":5241,"date":"2026-08-28T20:12:08","date_gmt":"2026-08-28T20:12:08","guid":{"rendered":"https:\/\/dif.villadealvarez.gob.mx\/noticias\/?p=5241"},"modified":"2026-08-28T20:12:08","modified_gmt":"2026-08-28T20:12:08","slug":"se-adquieren-sillas-y-andaderas","status":"publish","type":"post","link":"https:\/\/dif.villadealvarez.gob.mx\/noticias\/2026\/08\/28\/se-adquieren-sillas-y-andaderas\/","title":{"rendered":"SE ADQUIEREN SILLAS Y ANDADERAS"},"content":{"rendered":"<p><span class=\"x193iq5w xeuugli x13faqbe x1vvkbs x1xmvt09 x1lliihq x1s928wv xhkezso x1gmr53x x1cpjm7i x1fgarty x1943h6x xudqn12 x3x7a5m x6prxxf xvq8zen xo1l8bm xzsf02u\" dir=\"auto\"><span class=\"html-span xexx8yu xyri2b x18d9i69 x1c1uobl x1hl2dhg x16tdsg8 x1vvkbs x3nfvp2 x1j61x8r x1fcty0u xdj266r xat24cr xm2jcoa x1mpyi22 xxymvpz xlup9mm x1kky2od\"><img loading=\"lazy\" class=\"xz74otr x15mokao x1ga7v0g x16uus16 xbiv7yw\" src=\"https:\/\/static.xx.fbcdn.net\/images\/emoji.php\/v9\/tf4\/1\/16\/2728.png\" alt=\"\u2728\ufe0f\" width=\"16\" height=\"16\" \/><\/span> La <span class=\"html-span xdj266r x14z9mp xat24cr x1lziwak xexx8yu xyri2b x18d9i69 x1c1uobl x1hl2dhg x16tdsg8 x1vvkbs\"><a class=\"x1i10hfl xjbqb8w x1ejq31n x18oe1m7 x1sy0etr xstzfhl x972fbf x10w94by x1qhh985 x14e42zd x9f619 x1ypdohk xt0psk2 x3ct3a4 xdj266r x14z9mp xat24cr x1lziwak xexx8yu xyri2b x18d9i69 x1c1uobl x16tdsg8 x1hl2dhg xggy1nq x1a2a7pz xkrqix3 x1sur9pj xzsf02u x1s688f\" tabindex=\"0\" role=\"link\" href=\"https:\/\/www.facebook.com\/hashtag\/villafanfest?__cft__[0]=AZa321P3p8xRTecHn0BMKGYXNlvSZK_d4ZpE1Lvusu5HOcCc_ZuVQPruPf6_PePsPkXfEbRM4gBNExAh5ZSKt2pnSkt4WGu1cwp3Xz722o5zQVvPeaw1YHCMk4tJVQiGyEbHHOYahrn3UXPMgv4WDwHHRWh9qmsQXH-ec4l-LoFza99tHH3GkwgVLRlztKMPujo&amp;__tn__=*NK*F\">#VillaFanFest<\/a><\/span> <span class=\"html-span xexx8yu xyri2b x18d9i69 x1c1uobl x1hl2dhg x16tdsg8 x1vvkbs x3nfvp2 x1j61x8r x1fcty0u xdj266r xat24cr xm2jcoa x1mpyi22 xxymvpz xlup9mm x1kky2od\"><img loading=\"lazy\" class=\"xz74otr x15mokao x1ga7v0g x16uus16 xbiv7yw\" src=\"https:\/\/static.xx.fbcdn.net\/images\/emoji.php\/v9\/taf\/1\/16\/26bd.png\" alt=\"\u26bd\ufe0f\" width=\"16\" height=\"16\" \/><\/span> fue todo un \u00e9xito!!! En el <span class=\"html-span xdj266r x14z9mp xat24cr x1lziwak xexx8yu xyri2b x18d9i69 x1c1uobl x1hl2dhg x16tdsg8 x1vvkbs\"><a class=\"x1i10hfl xjbqb8w x1ejq31n x18oe1m7 x1sy0etr xstzfhl x972fbf x10w94by x1qhh985 x14e42zd x9f619 x1ypdohk xt0psk2 x3ct3a4 xdj266r x14z9mp xat24cr x1lziwak xexx8yu xyri2b x18d9i69 x1c1uobl x16tdsg8 x1hl2dhg xggy1nq x1a2a7pz xkrqix3 x1sur9pj xzsf02u x1s688f\" tabindex=\"0\" role=\"link\" href=\"https:\/\/www.facebook.com\/profile.php?id=100068542819634&amp;__cft__[0]=AZa321P3p8xRTecHn0BMKGYXNlvSZK_d4ZpE1Lvusu5HOcCc_ZuVQPruPf6_PePsPkXfEbRM4gBNExAh5ZSKt2pnSkt4WGu1cwp3Xz722o5zQVvPeaw1YHCMk4tJVQiGyEbHHOYahrn3UXPMgv4WDwHHRWh9qmsQXH-ec4l-LoFza99tHH3GkwgVLRlztKMPujo&amp;__tn__=-]K*F\"><span class=\"xt0psk2\"><span class=\"xjp7ctv\">Dif Municipal de Villa de \u00c1lvarez<\/span><\/span><\/a><\/span> logramos adquirir 10 sillas de ruedas y 10 andaderas con los recursos que se obtuvieron de la Venta con Causa que hicimos durante la celebraci\u00f3n del Mundial 2026.<span class=\"html-span xexx8yu xyri2b x18d9i69 x1c1uobl x1hl2dhg x16tdsg8 x1vvkbs x3nfvp2 x1j61x8r x1fcty0u xdj266r xat24cr xm2jcoa x1mpyi22 xxymvpz xlup9mm x1kky2od\"><img loading=\"lazy\" class=\"xz74otr x15mokao x1ga7v0g x16uus16 xbiv7yw\" src=\"https:\/\/static.xx.fbcdn.net\/images\/emoji.php\/v9\/tb7\/1\/16\/1f917.png\" alt=\"\ud83e\udd17\" width=\"16\" height=\"16\" \/><\/span><br class=\"html-br\" \/><br class=\"html-br\" \/>Nuestra Presidenta <span class=\"html-span xdj266r x14z9mp xat24cr x1lziwak xexx8yu xyri2b x18d9i69 x1c1uobl x1hl2dhg x16tdsg8 x1vvkbs\"><a class=\"x1i10hfl xjbqb8w x1ejq31n x18oe1m7 x1sy0etr xstzfhl x972fbf x10w94by x1qhh985 x14e42zd x9f619 x1ypdohk xt0psk2 x3ct3a4 xdj266r x14z9mp xat24cr x1lziwak xexx8yu xyri2b x18d9i69 x1c1uobl x16tdsg8 x1hl2dhg xggy1nq x1a2a7pz xkrqix3 x1sur9pj xzsf02u x1s688f\" tabindex=\"0\" role=\"link\" href=\"https:\/\/www.facebook.com\/TeyGtz?__cft__[0]=AZa321P3p8xRTecHn0BMKGYXNlvSZK_d4ZpE1Lvusu5HOcCc_ZuVQPruPf6_PePsPkXfEbRM4gBNExAh5ZSKt2pnSkt4WGu1cwp3Xz722o5zQVvPeaw1YHCMk4tJVQiGyEbHHOYahrn3UXPMgv4WDwHHRWh9qmsQXH-ec4l-LoFza99tHH3GkwgVLRlztKMPujo&amp;__tn__=-]K*F\"><span class=\"xt0psk2\"><span class=\"xjp7ctv\">Tey Guti\u00e9rrez<\/span><\/span><\/a><\/span> agradeci\u00f3 a quienes se sumaron a esta noble causa, ya que con su aportaci\u00f3n fue posible comprar los aparatos ortop\u00e9dicos que ser\u00e1n entregados a personas adultas mayores <span class=\"html-span xexx8yu xyri2b x18d9i69 x1c1uobl x1hl2dhg x16tdsg8 x1vvkbs x3nfvp2 x1j61x8r x1fcty0u xdj266r xat24cr xm2jcoa x1mpyi22 xxymvpz xlup9mm x1kky2od\"><img loading=\"lazy\" class=\"xz74otr x15mokao x1ga7v0g x16uus16 xbiv7yw\" src=\"https:\/\/static.xx.fbcdn.net\/images\/emoji.php\/v9\/t25\/1\/16\/1f475_1f3fb.png\" alt=\"\ud83d\udc75\ud83c\udffb\" width=\"16\" height=\"16\" \/><\/span><span class=\"html-span xexx8yu xyri2b x18d9i69 x1c1uobl x1hl2dhg x16tdsg8 x1vvkbs x3nfvp2 x1j61x8r x1fcty0u xdj266r xat24cr xm2jcoa x1mpyi22 xxymvpz xlup9mm x1kky2od\"><img loading=\"lazy\" class=\"xz74otr x15mokao x1ga7v0g x16uus16 xbiv7yw\" src=\"https:\/\/static.xx.fbcdn.net\/images\/emoji.php\/v9\/t64\/1\/16\/1f474_1f3fb.png\" alt=\"\ud83d\udc74\ud83c\udffb\" width=\"16\" height=\"16\" \/><\/span> y con discapacidad que m\u00e1s lo necesitan.<span class=\"html-span xexx8yu xyri2b x18d9i69 x1c1uobl x1hl2dhg x16tdsg8 x1vvkbs x3nfvp2 x1j61x8r x1fcty0u xdj266r xat24cr xm2jcoa x1mpyi22 xxymvpz xlup9mm x1kky2od\"><img loading=\"lazy\" class=\"xz74otr x15mokao x1ga7v0g x16uus16 xbiv7yw\" src=\"https:\/\/static.xx.fbcdn.net\/images\/emoji.php\/v9\/tfc\/1\/16\/267f.png\" alt=\"\u267f\ufe0f\" width=\"16\" height=\"16\" \/><\/span><\/span><\/p>\n","protected":false},"excerpt":{"rendered":"<p>La #VillaFanFest fue todo un \u00e9xito!!! En el Dif Municipal de Villa de \u00c1lvarez logramos adquirir 10 sillas de ruedas y 10 andaderas con los recursos que se obtuvieron de la Venta con Causa que hicimos durante la celebraci\u00f3n del Mundial 2026.Nuestra Presidenta Tey Guti\u00e9rrez agradeci\u00f3 a quienes se sumaron a esta noble causa, ya&hellip;<\/p>\n","protected":false},"author":2,"featured_media":5242,"comment_status":"open","ping_status":"open","sticky":false,"template":"","format":"standard","meta":[],"categories":[1],"tags":[],"_links":{"self":[{"href":"https:\/\/dif.villadealvarez.gob.mx\/noticias\/wp-json\/wp\/v2\/posts\/5241"}],"collection":[{"href":"https:\/\/dif.villadealvarez.gob.mx\/noticias\/wp-json\/wp\/v2\/posts"}],"about":[{"href":"https:\/\/dif.villadealvarez.gob.mx\/noticias\/wp-json\/wp\/v2\/types\/post"}],"author":[{"embeddable":true,"href":"https:\/\/dif.villadealvarez.gob.mx\/noticias\/wp-json\/wp\/v2\/users\/2"}],"replies":[{"embeddable":true,"href":"https:\/\/dif.villadealvarez.gob.mx\/noticias\/wp-json\/wp\/v2\/comments?post=5241"}],"version-history":[{"count":1,"href":"https:\/\/dif.villadealvarez.gob.mx\/noticias\/wp-json\/wp\/v2\/posts\/5241\/revisions"}],"predecessor-version":[{"id":5243,"href":"https:\/\/dif.villadealvarez.gob.mx\/noticias\/wp-json\/wp\/v2\/posts\/5241\/revisions\/5243"}],"wp:featuredmedia":[{"embeddable":true,"href":"https:\/\/dif.villadealvarez.gob.mx\/noticias\/wp-json\/wp\/v2\/media\/5242"}],"wp:attachment":[{"href":"https:\/\/dif.villadealvarez.gob.mx\/noticias\/wp-json\/wp\/v2\/media?parent=5241"}],"wp:term":[{"taxonomy":"category","embeddable":true,"href":"https:\/\/dif.villadealvarez.gob.mx\/noticias\/wp-json\/wp\/v2\/categories?post=5241"},{"taxonomy":"post_tag","embeddable":true,"href":"https:\/\/dif.villadealvarez.gob.mx\/noticias\/wp-json\/wp\/v2\/tags?post=5241"}],"curies":[{"name":"wp","href":"https:\/\/api.w.org\/{rel}","templated":true}]}}